{"id":13,"date":"2015-11-08T01:27:08","date_gmt":"2015-11-08T00:27:08","guid":{"rendered":"https:\/\/landsbygdspartiet.org\/dalarna\/?p=13"},"modified":"2015-11-08T01:27:37","modified_gmt":"2015-11-08T00:27:37","slug":"13","status":"publish","type":"post","link":"https:\/\/arkiv.landsbygdspartiet.org\/dalarna\/2015\/11\/08\/13\/","title":{"rendered":"Nu startar vi i Dalarna!"},"content":{"rendered":"<p><a href=\"https:\/\/arkiv.landsbygdspartiet.org\/wp-content\/uploads\/2015\/11\/151115-Inbjudan-Dalarna-Mora.pdf\">Ladda ner inbjudan som .pdf<\/a><\/p>\n<p><a href=\"https:\/\/arkiv.landsbygdspartiet.org\/dalarna\/\"><img loading=\"lazy\" class=\"aligncenter size-full wp-image-1484\" src=\"https:\/\/arkiv.landsbygdspartiet.org\/wp-content\/uploads\/2015\/11\/LPo-Dalarna-ha\u0308st.jpg\" alt=\"LPo Dalarna ha\u0308st\" width=\"1831\" height=\"490\" \/><\/a><\/p>\n<p>Hej alla Landsbygdsv\u00e4nner i Dalarna och dess n\u00e4rhet!<\/p>\n<p>Vi planerar att tr\u00e4ffas i Dalarna, f\u00f6r att f\u00f6rs\u00f6ka f\u00e5 ig\u00e5ng ett L\u00e4nsf\u00f6rbund f\u00f6r Landsbygdspartiet oberoende Dalarna.<\/p>\n<p>Vi har bokat in s\u00f6ndagen 15 november kl. 13.00 i Mora, p\u00e5 Tr\u00e4dg\u00e5rdsgatan 1, KV. <a href=\"https:\/\/goo.gl\/maps\/N11KUqpS7VM2\" target=\"_blank\">https:\/\/goo.gl\/maps\/N11KUqpS7VM2<\/a><\/p>\n<p>Vi \u00e4r n\u00e5gra som f\u00f6rs\u00f6ker samla s\u00e5 m\u00e5nga intresserade som m\u00f6jligt till en f\u00f6rsta tr\u00e4ff, fika lite, se vilka vi \u00e4r och diskutera om vi kan starta ett l\u00e4nsf\u00f6rbund f\u00f6r Dalarna.<\/p>\n<p>F\u00f6r ber\u00e4kning av fika vill vi att du anm\u00e4ler ditt deltagande till Maria. <a href=\"mailto:pellan67@live.se\">pellan67@live.se<\/a><\/p>\n<p>F\u00f6r mer information se v\u00e5r Facebookgrupp <a href=\"https:\/\/www.facebook.com\/groups\/387030894782822\/?fref=ts\" target=\"_blank\">https:\/\/www.facebook.com\/groups\/387030894782822\/?fref=ts<\/a><\/p>\n<p>Eller <a href=\"https:\/\/arkiv.landsbygdspartiet.org\/dalarna\/\" target=\"_blank\">https:\/\/arkiv.landsbygdspartiet.org\/dalarna\/<\/a><\/p>\n<p>Med v\u00e4nlig h\u00e4lsningMaria Hansson \u00c4lvdalen<\/p>\n<p>&nbsp;<\/p>\n","protected":false},"excerpt":{"rendered":"<p>Ladda ner inbjudan som .pdf Hej alla Landsbygdsv\u00e4nner i Dalarna och dess n\u00e4rhet! Vi planerar att tr\u00e4ffas i Dalarna, f\u00f6r att f\u00f6rs\u00f6ka f\u00e5 ig\u00e5ng ett L\u00e4nsf\u00f6rbund f\u00f6r Landsbygdspartiet oberoende Dalarna. Vi har bokat in s\u00f6ndagen 15 november kl. 13.00 i <span class=\"excerpt-dots\">&hellip;<\/span> <a class=\"more-link\" href=\"https:\/\/arkiv.landsbygdspartiet.org\/dalarna\/2015\/11\/08\/13\/\"><span class=\"more-msg\">L\u00e4s mer &rarr;<\/span><\/a><\/p>\n","protected":false},"author":14,"featured_media":0,"comment_status":"closed","ping_status":"closed","sticky":false,"template":"","format":"standard","meta":[],"categories":[1],"tags":[],"_links":{"self":[{"href":"https:\/\/arkiv.landsbygdspartiet.org\/dalarna\/wp-json\/wp\/v2\/posts\/13"}],"collection":[{"href":"https:\/\/arkiv.landsbygdspartiet.org\/dalarna\/wp-json\/wp\/v2\/posts"}],"about":[{"href":"https:\/\/arkiv.landsbygdspartiet.org\/dalarna\/wp-json\/wp\/v2\/types\/post"}],"author":[{"embeddable":true,"href":"https:\/\/arkiv.landsbygdspartiet.org\/dalarna\/wp-json\/wp\/v2\/users\/14"}],"replies":[{"embeddable":true,"href":"https:\/\/arkiv.landsbygdspartiet.org\/dalarna\/wp-json\/wp\/v2\/comments?post=13"}],"version-history":[{"count":2,"href":"https:\/\/arkiv.landsbygdspartiet.org\/dalarna\/wp-json\/wp\/v2\/posts\/13\/revisions"}],"predecessor-version":[{"id":17,"href":"https:\/\/arkiv.landsbygdspartiet.org\/dalarna\/wp-json\/wp\/v2\/posts\/13\/revisions\/17"}],"wp:attachment":[{"href":"https:\/\/arkiv.landsbygdspartiet.org\/dalarna\/wp-json\/wp\/v2\/media?parent=13"}],"wp:term":[{"taxonomy":"category","embeddable":true,"href":"https:\/\/arkiv.landsbygdspartiet.org\/dalarna\/wp-json\/wp\/v2\/categories?post=13"},{"taxonomy":"post_tag","embeddable":true,"href":"https:\/\/arkiv.landsbygdspartiet.org\/dalarna\/wp-json\/wp\/v2\/tags?post=13"}],"curies":[{"name":"wp","href":"https:\/\/api.w.org\/{rel}","templated":true}]}}