{"id":55,"date":"2018-03-04T02:21:22","date_gmt":"2018-03-04T01:21:22","guid":{"rendered":"https:\/\/landsbygdspartiet.org\/jonkopingslan\/?p=55"},"modified":"2018-04-26T23:05:12","modified_gmt":"2018-04-26T21:05:12","slug":"lanstrafiken-i-fokus-nar-ordforanden-motte-integrationsprojekt","status":"publish","type":"post","link":"https:\/\/arkiv.landsbygdspartiet.org\/jonkopingslan\/2018\/03\/04\/lanstrafiken-i-fokus-nar-ordforanden-motte-integrationsprojekt\/","title":{"rendered":"L\u00e4nstrafiken i fokus n\u00e4r ordf\u00f6randen m\u00f6tte integrationsprojekt"},"content":{"rendered":"<div id=\"attachment_57\" style=\"width: 510px\" class=\"wp-caption alignnone\"><a href=\"https:\/\/arkiv.landsbygdspartiet.org\/jonkopingslan\/wp-content\/uploads\/sites\/30\/2018\/03\/r\u00f6rvikliten.jpg\"><img aria-describedby=\"caption-attachment-57\" loading=\"lazy\" class=\"wp-image-57 size-full\" src=\"https:\/\/arkiv.landsbygdspartiet.org\/jonkopingslan\/wp-content\/uploads\/sites\/30\/2018\/03\/r\u00f6rvikliten.jpg\" alt=\"\" width=\"500\" height=\"309\" srcset=\"https:\/\/arkiv.landsbygdspartiet.org\/jonkopingslan\/wp-content\/uploads\/sites\/30\/2018\/03\/r\u00f6rvikliten.jpg 500w, https:\/\/arkiv.landsbygdspartiet.org\/jonkopingslan\/wp-content\/uploads\/sites\/30\/2018\/03\/r\u00f6rvikliten-300x185.jpg 300w\" sizes=\"(max-width: 500px) 100vw, 500px\" \/><\/a><p id=\"caption-attachment-57\" class=\"wp-caption-text\">R\u00f6rvik samh\u00e4llsorientering 2018-02-26.<\/p><\/div>\n<p>Efter bes\u00f6ket i R\u00f6rvik har LPo J\u00f6nk\u00f6pings l\u00e4n skrivit ett brev till regionr\u00e5det Marcus Eskdahl (S). Vi lyfter d\u00e4r fr\u00e5gan att R\u00f6rvik ligger i utkanten av b\u00e5de S\u00e4vsj\u00f6 kommun och Region J\u00f6nk\u00f6pings l\u00e4n. R\u00f6rvik saknar kollektivtrafik p\u00e5 helgerna och denna fr\u00e5gan stod i fokus n\u00e4r l\u00e4nsf\u00f6rbundsordf\u00f6randen Mikael Sterner presenterade LPo f\u00f6r integrationsprojektet.<\/p>\n<p>Saknaden av kollektivtrafik p\u00e5 helger i J\u00f6nk\u00f6pings l\u00e4n \u00e4r inte begr\u00e4nsad till samh\u00e4llet R\u00f6rvik.<\/p>\n","protected":false},"excerpt":{"rendered":"<p>Efter bes\u00f6ket i R\u00f6rvik har LPo J\u00f6nk\u00f6pings l\u00e4n skrivit ett brev till regionr\u00e5det Marcus Eskdahl (S). Vi lyfter d\u00e4r fr\u00e5gan att R\u00f6rvik ligger i utkanten av b\u00e5de S\u00e4vsj\u00f6 kommun och Region J\u00f6nk\u00f6pings l\u00e4n. R\u00f6rvik saknar kollektivtrafik p\u00e5 helgerna och denna <span class=\"excerpt-dots\">&hellip;<\/span> <a class=\"more-link\" href=\"https:\/\/arkiv.landsbygdspartiet.org\/jonkopingslan\/2018\/03\/04\/lanstrafiken-i-fokus-nar-ordforanden-motte-integrationsprojekt\/\"><span class=\"more-msg\">L\u00e4s mer &rarr;<\/span><\/a><\/p>\n","protected":false},"author":29,"featured_media":0,"comment_status":"closed","ping_status":"closed","sticky":false,"template":"","format":"standard","meta":[],"categories":[1],"tags":[],"_links":{"self":[{"href":"https:\/\/arkiv.landsbygdspartiet.org\/jonkopingslan\/wp-json\/wp\/v2\/posts\/55"}],"collection":[{"href":"https:\/\/arkiv.landsbygdspartiet.org\/jonkopingslan\/wp-json\/wp\/v2\/posts"}],"about":[{"href":"https:\/\/arkiv.landsbygdspartiet.org\/jonkopingslan\/wp-json\/wp\/v2\/types\/post"}],"author":[{"embeddable":true,"href":"https:\/\/arkiv.landsbygdspartiet.org\/jonkopingslan\/wp-json\/wp\/v2\/users\/29"}],"replies":[{"embeddable":true,"href":"https:\/\/arkiv.landsbygdspartiet.org\/jonkopingslan\/wp-json\/wp\/v2\/comments?post=55"}],"version-history":[{"count":3,"href":"https:\/\/arkiv.landsbygdspartiet.org\/jonkopingslan\/wp-json\/wp\/v2\/posts\/55\/revisions"}],"predecessor-version":[{"id":125,"href":"https:\/\/arkiv.landsbygdspartiet.org\/jonkopingslan\/wp-json\/wp\/v2\/posts\/55\/revisions\/125"}],"wp:attachment":[{"href":"https:\/\/arkiv.landsbygdspartiet.org\/jonkopingslan\/wp-json\/wp\/v2\/media?parent=55"}],"wp:term":[{"taxonomy":"category","embeddable":true,"href":"https:\/\/arkiv.landsbygdspartiet.org\/jonkopingslan\/wp-json\/wp\/v2\/categories?post=55"},{"taxonomy":"post_tag","embeddable":true,"href":"https:\/\/arkiv.landsbygdspartiet.org\/jonkopingslan\/wp-json\/wp\/v2\/tags?post=55"}],"curies":[{"name":"wp","href":"https:\/\/api.w.org\/{rel}","templated":true}]}}