{"id":24,"date":"2017-01-08T11:25:52","date_gmt":"2017-01-08T10:25:52","guid":{"rendered":"https:\/\/landsbygdspartiet.org\/kalmarlan\/?p=24"},"modified":"2017-01-08T11:35:54","modified_gmt":"2017-01-08T10:35:54","slug":"kalmar-lan-startar-161","status":"publish","type":"post","link":"https:\/\/arkiv.landsbygdspartiet.org\/kalmarlan\/2017\/01\/08\/kalmar-lan-startar-161\/","title":{"rendered":"Kalmar l\u00e4n startar 16\/1"},"content":{"rendered":"<p style=\"text-align: center;\">Vi startar nu upp ett L\u00e4nsf\u00f6rbund i <a href=\"https:\/\/arkiv.landsbygdspartiet.org\/kalmarlan\/\">Kalmar l\u00e4n<\/a>.<br \/>\nVid tillr\u00e4ckligt intresse kan det \u00e4ven bli flera kommunavdelningar.<\/p>\n<p style=\"text-align: center;\"><span style=\"font-size: 14pt;\"><strong>V\u00e4lkomna till Scouternas hus i Gullringen<br \/>\nm\u00e5ndag den 16 januari 2017 kl 19.00.<\/strong> <\/span><br \/>\nLPo:s ordf\u00f6rande Erika S\u00f6reng\u00e5rd kommer att delta.<br \/>\nAnm\u00e4l g\u00e4rna ditt deltagande till Annica enligt nedan!<\/p>\n<p style=\"text-align: center;\">Kontaktperson \u00e4r Annica Johansson som n\u00e5s via\u00a0 070-673 22 90<br \/>\n<a href=\"mailto:kalmar.lan@landsbygdspartiet.org\">kalmar.lan@landsbygdspartiet.org<\/a><\/p>\n","protected":false},"excerpt":{"rendered":"<p>Vi startar nu upp ett L\u00e4nsf\u00f6rbund i Kalmar l\u00e4n. Vid tillr\u00e4ckligt intresse kan det \u00e4ven bli flera kommunavdelningar. V\u00e4lkomna till Scouternas hus i Gullringen m\u00e5ndag den 16 januari 2017 kl 19.00. LPo:s ordf\u00f6rande Erika S\u00f6reng\u00e5rd kommer att delta. Anm\u00e4l g\u00e4rna <span class=\"excerpt-dots\">&hellip;<\/span> <a class=\"more-link\" href=\"https:\/\/arkiv.landsbygdspartiet.org\/kalmarlan\/2017\/01\/08\/kalmar-lan-startar-161\/\"><span class=\"more-msg\">L\u00e4s mer &rarr;<\/span><\/a><\/p>\n","protected":false},"author":14,"featured_media":0,"comment_status":"closed","ping_status":"closed","sticky":false,"template":"","format":"standard","meta":[],"categories":[1],"tags":[],"_links":{"self":[{"href":"https:\/\/arkiv.landsbygdspartiet.org\/kalmarlan\/wp-json\/wp\/v2\/posts\/24"}],"collection":[{"href":"https:\/\/arkiv.landsbygdspartiet.org\/kalmarlan\/wp-json\/wp\/v2\/posts"}],"about":[{"href":"https:\/\/arkiv.landsbygdspartiet.org\/kalmarlan\/wp-json\/wp\/v2\/types\/post"}],"author":[{"embeddable":true,"href":"https:\/\/arkiv.landsbygdspartiet.org\/kalmarlan\/wp-json\/wp\/v2\/users\/14"}],"replies":[{"embeddable":true,"href":"https:\/\/arkiv.landsbygdspartiet.org\/kalmarlan\/wp-json\/wp\/v2\/comments?post=24"}],"version-history":[{"count":2,"href":"https:\/\/arkiv.landsbygdspartiet.org\/kalmarlan\/wp-json\/wp\/v2\/posts\/24\/revisions"}],"predecessor-version":[{"id":27,"href":"https:\/\/arkiv.landsbygdspartiet.org\/kalmarlan\/wp-json\/wp\/v2\/posts\/24\/revisions\/27"}],"wp:attachment":[{"href":"https:\/\/arkiv.landsbygdspartiet.org\/kalmarlan\/wp-json\/wp\/v2\/media?parent=24"}],"wp:term":[{"taxonomy":"category","embeddable":true,"href":"https:\/\/arkiv.landsbygdspartiet.org\/kalmarlan\/wp-json\/wp\/v2\/categories?post=24"},{"taxonomy":"post_tag","embeddable":true,"href":"https:\/\/arkiv.landsbygdspartiet.org\/kalmarlan\/wp-json\/wp\/v2\/tags?post=24"}],"curies":[{"name":"wp","href":"https:\/\/api.w.org\/{rel}","templated":true}]}}