{"id":100,"date":"2020-01-03T11:49:52","date_gmt":"2020-01-03T10:49:52","guid":{"rendered":"https:\/\/landsbygdspartiet.org\/ornskoldsvik\/?p=100"},"modified":"2020-01-03T11:49:53","modified_gmt":"2020-01-03T10:49:53","slug":"god-fortsattning-pa-det-nya-aret","status":"publish","type":"post","link":"https:\/\/arkiv.landsbygdspartiet.org\/ornskoldsvik\/2020\/01\/03\/god-fortsattning-pa-det-nya-aret\/","title":{"rendered":"God forts\u00e4ttning p\u00e5 det nya \u00e5ret!"},"content":{"rendered":"<p><img loading=\"lazy\" class=\"alignnone  wp-image-101\" src=\"https:\/\/arkiv.landsbygdspartiet.org\/ornskoldsvik\/wp-content\/uploads\/sites\/72\/2020\/01\/7FECCDEF-F54F-47CE-97A5-D289B6FB1D64-225x300.jpeg\" alt=\"\" width=\"280\" height=\"373\" srcset=\"https:\/\/arkiv.landsbygdspartiet.org\/ornskoldsvik\/wp-content\/uploads\/sites\/72\/2020\/01\/7FECCDEF-F54F-47CE-97A5-D289B6FB1D64-225x300.jpeg 225w, https:\/\/arkiv.landsbygdspartiet.org\/ornskoldsvik\/wp-content\/uploads\/sites\/72\/2020\/01\/7FECCDEF-F54F-47CE-97A5-D289B6FB1D64-768x1024.jpeg 768w, https:\/\/arkiv.landsbygdspartiet.org\/ornskoldsvik\/wp-content\/uploads\/sites\/72\/2020\/01\/7FECCDEF-F54F-47CE-97A5-D289B6FB1D64-1152x1536.jpeg 1152w, https:\/\/arkiv.landsbygdspartiet.org\/ornskoldsvik\/wp-content\/uploads\/sites\/72\/2020\/01\/7FECCDEF-F54F-47CE-97A5-D289B6FB1D64-1536x2048.jpeg 1536w, https:\/\/arkiv.landsbygdspartiet.org\/ornskoldsvik\/wp-content\/uploads\/sites\/72\/2020\/01\/7FECCDEF-F54F-47CE-97A5-D289B6FB1D64-scaled.jpeg 1920w\" sizes=\"(max-width: 280px) 100vw, 280px\" \/><\/p>\n<p>Nu \u00e4r det nytt \u00e5r och ett tomt blad som ska fyllas med aktiviteter. Vi hade 2019 ett mellan\u00e5r d\u00e5 vi inte syntes s\u00e5 mycket. D\u00e4remot har vi i styrelsen tr\u00e4ffats och varit aktiva med diskussioner och \u00e4r taggade f\u00f6r \u00e5rets planering.<\/p>\n<p>\u00c5rsm\u00f6te f\u00f6r LPo \u00d6rnsk\u00f6ldsvik kommer att ske senast under februari m\u00e5nad. Kallelse kommer att l\u00e4ggas ut p\u00e5 hemsidan med datum, tid och plats. H\u00e5ll utkik!<\/p>\n<p>Ha en god forts\u00e4ttning p\u00e5 2020!<\/p>\n<p>V\u00e4nliga h\u00e4lsningar fr\u00e5n<\/p>\n<p>Ulla Carnemyr, ordf\u00f6rande LPo \u00d6rnsk\u00f6ldsvik<\/p>\n","protected":false},"excerpt":{"rendered":"<p>Nu \u00e4r det nytt \u00e5r och ett tomt blad som ska fyllas med aktiviteter. Vi hade 2019 ett mellan\u00e5r d\u00e5 vi inte syntes s\u00e5 mycket. D\u00e4remot har vi i styrelsen tr\u00e4ffats och varit aktiva med diskussioner och \u00e4r taggade f\u00f6r <span class=\"excerpt-dots\">&hellip;<\/span> <a class=\"more-link\" href=\"https:\/\/arkiv.landsbygdspartiet.org\/ornskoldsvik\/2020\/01\/03\/god-fortsattning-pa-det-nya-aret\/\"><span class=\"more-msg\">L\u00e4s mer &rarr;<\/span><\/a><\/p>\n","protected":false},"author":32,"featured_media":0,"comment_status":"closed","ping_status":"closed","sticky":false,"template":"","format":"standard","meta":[],"categories":[1],"tags":[],"_links":{"self":[{"href":"https:\/\/arkiv.landsbygdspartiet.org\/ornskoldsvik\/wp-json\/wp\/v2\/posts\/100"}],"collection":[{"href":"https:\/\/arkiv.landsbygdspartiet.org\/ornskoldsvik\/wp-json\/wp\/v2\/posts"}],"about":[{"href":"https:\/\/arkiv.landsbygdspartiet.org\/ornskoldsvik\/wp-json\/wp\/v2\/types\/post"}],"author":[{"embeddable":true,"href":"https:\/\/arkiv.landsbygdspartiet.org\/ornskoldsvik\/wp-json\/wp\/v2\/users\/32"}],"replies":[{"embeddable":true,"href":"https:\/\/arkiv.landsbygdspartiet.org\/ornskoldsvik\/wp-json\/wp\/v2\/comments?post=100"}],"version-history":[{"count":3,"href":"https:\/\/arkiv.landsbygdspartiet.org\/ornskoldsvik\/wp-json\/wp\/v2\/posts\/100\/revisions"}],"predecessor-version":[{"id":104,"href":"https:\/\/arkiv.landsbygdspartiet.org\/ornskoldsvik\/wp-json\/wp\/v2\/posts\/100\/revisions\/104"}],"wp:attachment":[{"href":"https:\/\/arkiv.landsbygdspartiet.org\/ornskoldsvik\/wp-json\/wp\/v2\/media?parent=100"}],"wp:term":[{"taxonomy":"category","embeddable":true,"href":"https:\/\/arkiv.landsbygdspartiet.org\/ornskoldsvik\/wp-json\/wp\/v2\/categories?post=100"},{"taxonomy":"post_tag","embeddable":true,"href":"https:\/\/arkiv.landsbygdspartiet.org\/ornskoldsvik\/wp-json\/wp\/v2\/tags?post=100"}],"curies":[{"name":"wp","href":"https:\/\/api.w.org\/{rel}","templated":true}]}}