{"id":124,"date":"2020-01-23T19:16:08","date_gmt":"2020-01-23T18:16:08","guid":{"rendered":"https:\/\/landsbygdspartiet.org\/ornskoldsvik\/?p=124"},"modified":"2020-01-23T19:17:10","modified_gmt":"2020-01-23T18:17:10","slug":"arsmote-lpo-ornskoldsvik","status":"publish","type":"post","link":"https:\/\/arkiv.landsbygdspartiet.org\/ornskoldsvik\/2020\/01\/23\/arsmote-lpo-ornskoldsvik\/","title":{"rendered":"\u00c5rsm\u00f6te LPo \u00d6rnsk\u00f6ldsvik"},"content":{"rendered":"<p>Vi v\u00e4lkomnar alla medlemmar och blivande medlemmar i LPo till v\u00e5rt \u00e5rsm\u00f6te. Alla intresserade \u00e4r varmt v\u00e4lkomna p\u00e5 m\u00f6tet f\u00f6r att diskutera om hur vi ska lyckas v\u00e4xa i v\u00e5r kommun. Ta med grannar, sl\u00e4kt och v\u00e4nner som \u00e4r intresserade av Landsbygdspartiet oberoende.<\/p>\n<p>Kallelse och dagordning finner ni under\u00a0l\u00e4nken till evenemanget <a href=\"https:\/\/arkiv.landsbygdspartiet.org\/ornskoldsvik\/event\/arsmote-lpo-ornskoldsvik\/\">\u00c5rsm\u00f6te LPo \u00d6rnsk\u00f6ldsvik<\/a><\/p>\n<p>V\u00e4l m\u00f6tt!<\/p>\n<p>\/Styrelsen<\/p>\n","protected":false},"excerpt":{"rendered":"<p>Vi v\u00e4lkomnar alla medlemmar och blivande medlemmar i LPo till v\u00e5rt \u00e5rsm\u00f6te. Alla intresserade \u00e4r varmt v\u00e4lkomna p\u00e5 m\u00f6tet f\u00f6r att diskutera om hur vi ska lyckas v\u00e4xa i v\u00e5r kommun. Ta med grannar, sl\u00e4kt och v\u00e4nner som \u00e4r intresserade <span class=\"excerpt-dots\">&hellip;<\/span> <a class=\"more-link\" href=\"https:\/\/arkiv.landsbygdspartiet.org\/ornskoldsvik\/2020\/01\/23\/arsmote-lpo-ornskoldsvik\/\"><span class=\"more-msg\">L\u00e4s mer &rarr;<\/span><\/a><\/p>\n","protected":false},"author":32,"featured_media":0,"comment_status":"closed","ping_status":"closed","sticky":false,"template":"","format":"standard","meta":[],"categories":[1],"tags":[],"_links":{"self":[{"href":"https:\/\/arkiv.landsbygdspartiet.org\/ornskoldsvik\/wp-json\/wp\/v2\/posts\/124"}],"collection":[{"href":"https:\/\/arkiv.landsbygdspartiet.org\/ornskoldsvik\/wp-json\/wp\/v2\/posts"}],"about":[{"href":"https:\/\/arkiv.landsbygdspartiet.org\/ornskoldsvik\/wp-json\/wp\/v2\/types\/post"}],"author":[{"embeddable":true,"href":"https:\/\/arkiv.landsbygdspartiet.org\/ornskoldsvik\/wp-json\/wp\/v2\/users\/32"}],"replies":[{"embeddable":true,"href":"https:\/\/arkiv.landsbygdspartiet.org\/ornskoldsvik\/wp-json\/wp\/v2\/comments?post=124"}],"version-history":[{"count":2,"href":"https:\/\/arkiv.landsbygdspartiet.org\/ornskoldsvik\/wp-json\/wp\/v2\/posts\/124\/revisions"}],"predecessor-version":[{"id":126,"href":"https:\/\/arkiv.landsbygdspartiet.org\/ornskoldsvik\/wp-json\/wp\/v2\/posts\/124\/revisions\/126"}],"wp:attachment":[{"href":"https:\/\/arkiv.landsbygdspartiet.org\/ornskoldsvik\/wp-json\/wp\/v2\/media?parent=124"}],"wp:term":[{"taxonomy":"category","embeddable":true,"href":"https:\/\/arkiv.landsbygdspartiet.org\/ornskoldsvik\/wp-json\/wp\/v2\/categories?post=124"},{"taxonomy":"post_tag","embeddable":true,"href":"https:\/\/arkiv.landsbygdspartiet.org\/ornskoldsvik\/wp-json\/wp\/v2\/tags?post=124"}],"curies":[{"name":"wp","href":"https:\/\/api.w.org\/{rel}","templated":true}]}}