{"id":129,"date":"2021-02-18T19:43:23","date_gmt":"2021-02-18T18:43:23","guid":{"rendered":"https:\/\/landsbygdspartiet.org\/ornskoldsvik\/?p=129"},"modified":"2021-02-18T19:43:24","modified_gmt":"2021-02-18T18:43:24","slug":"kallelse-till-arsmote-2021-via-zoom","status":"publish","type":"post","link":"https:\/\/arkiv.landsbygdspartiet.org\/ornskoldsvik\/2021\/02\/18\/kallelse-till-arsmote-2021-via-zoom\/","title":{"rendered":"Kallelse till \u00c5rsm\u00f6te 2021 via Zoom"},"content":{"rendered":"<p>P\u00e5 grund av r\u00e5dande pandemi har vi i styrelsen best\u00e4mt att vi ska h\u00e5lla Landsbygdspartiet oberoende \u00d6rnsk\u00f6ldsviks \u00e5rsm\u00f6te via Zoom.<\/p>\n<p>Datum \u00e4r satt till 11 mars kl 18.30<\/p>\n<p>Anm\u00e4lan g\u00f6rs till <a href=\"mailto:ornskoldsvik@landsbygdspartiet.org\">ornskoldsvik@landsbygdspartiet.org<\/a><\/p>\n<p>Vi vill ha anm\u00e4lan senast 8 mars.<\/p>\n<p>Vi beh\u00f6ver \u00e4ven f\u00e5 in nya m\u00e4nniskor i styrelsen!<\/p>\n<p>V\u00e4lkommen till v\u00e5r varma gemenskap! <a href=\"https:\/\/arkiv.landsbygdspartiet.org\/ornskoldsvik\/wp-content\/uploads\/sites\/72\/2019\/03\/rallarros-e1579800913245.jpg\"><img loading=\"lazy\" class=\"size-full wp-image-30 alignright\" src=\"https:\/\/arkiv.landsbygdspartiet.org\/ornskoldsvik\/wp-content\/uploads\/sites\/72\/2019\/03\/rallarros-e1579800913245.jpg\" alt=\"\" width=\"75\" height=\"231\" \/><\/a><\/p>\n<p>Kallelse och dagordning finner ni h\u00e4r \u00a0<a href=\"https:\/\/arkiv.landsbygdspartiet.org\/ornskoldsvik\/wp-content\/uploads\/sites\/72\/2021\/02\/Kallelse-a\u030arsmo\u0308te2021.pdf\">Kallelse-a\u030arsmo\u0308te2021<\/a><\/p>\n<p>V\u00e4l m\u00f6tt!<\/p>\n<p>\/Styrelsen<\/p>\n","protected":false},"excerpt":{"rendered":"<p>P\u00e5 grund av r\u00e5dande pandemi har vi i styrelsen best\u00e4mt att vi ska h\u00e5lla Landsbygdspartiet oberoende \u00d6rnsk\u00f6ldsviks \u00e5rsm\u00f6te via Zoom. Datum \u00e4r satt till 11 mars kl 18.30 Anm\u00e4lan g\u00f6rs till ornskoldsvik@landsbygdspartiet.org Vi vill ha anm\u00e4lan senast 8 mars. Vi <span class=\"excerpt-dots\">&hellip;<\/span> <a class=\"more-link\" href=\"https:\/\/arkiv.landsbygdspartiet.org\/ornskoldsvik\/2021\/02\/18\/kallelse-till-arsmote-2021-via-zoom\/\"><span class=\"more-msg\">L\u00e4s mer &rarr;<\/span><\/a><\/p>\n","protected":false},"author":32,"featured_media":0,"comment_status":"closed","ping_status":"closed","sticky":false,"template":"","format":"standard","meta":[],"categories":[1],"tags":[],"_links":{"self":[{"href":"https:\/\/arkiv.landsbygdspartiet.org\/ornskoldsvik\/wp-json\/wp\/v2\/posts\/129"}],"collection":[{"href":"https:\/\/arkiv.landsbygdspartiet.org\/ornskoldsvik\/wp-json\/wp\/v2\/posts"}],"about":[{"href":"https:\/\/arkiv.landsbygdspartiet.org\/ornskoldsvik\/wp-json\/wp\/v2\/types\/post"}],"author":[{"embeddable":true,"href":"https:\/\/arkiv.landsbygdspartiet.org\/ornskoldsvik\/wp-json\/wp\/v2\/users\/32"}],"replies":[{"embeddable":true,"href":"https:\/\/arkiv.landsbygdspartiet.org\/ornskoldsvik\/wp-json\/wp\/v2\/comments?post=129"}],"version-history":[{"count":3,"href":"https:\/\/arkiv.landsbygdspartiet.org\/ornskoldsvik\/wp-json\/wp\/v2\/posts\/129\/revisions"}],"predecessor-version":[{"id":134,"href":"https:\/\/arkiv.landsbygdspartiet.org\/ornskoldsvik\/wp-json\/wp\/v2\/posts\/129\/revisions\/134"}],"wp:attachment":[{"href":"https:\/\/arkiv.landsbygdspartiet.org\/ornskoldsvik\/wp-json\/wp\/v2\/media?parent=129"}],"wp:term":[{"taxonomy":"category","embeddable":true,"href":"https:\/\/arkiv.landsbygdspartiet.org\/ornskoldsvik\/wp-json\/wp\/v2\/categories?post=129"},{"taxonomy":"post_tag","embeddable":true,"href":"https:\/\/arkiv.landsbygdspartiet.org\/ornskoldsvik\/wp-json\/wp\/v2\/tags?post=129"}],"curies":[{"name":"wp","href":"https:\/\/api.w.org\/{rel}","templated":true}]}}