{"id":29,"date":"2019-03-25T12:58:15","date_gmt":"2019-03-25T11:58:15","guid":{"rendered":"https:\/\/landsbygdspartiet.org\/ornskoldsvik\/?p=29"},"modified":"2019-03-26T19:28:43","modified_gmt":"2019-03-26T18:28:43","slug":"valkommen","status":"publish","type":"post","link":"https:\/\/arkiv.landsbygdspartiet.org\/ornskoldsvik\/2019\/03\/25\/valkommen\/","title":{"rendered":"V\u00e4lkommen!"},"content":{"rendered":"<p>V\u00e4lkommen till Landsbygdspartiet oberoende \u00d6rnsk\u00f6ldsviks hemsida! Lokalomr\u00e5det startades upp 3 dec 2018. F\u00f6reningen bildades f\u00f6r att landsbygdsfr\u00e5gorna \u00e4r h\u00f6gaktuella och att vi vill diskutera v\u00e5ra lokala levnadsvillkor som f\u00f6rs\u00e4mras i snabb takt. Det handlar om allt fr\u00e5n service d\u00e4r man valt att bo, milj\u00f6, jobb, naturv\u00e4rden, mark\u00e4gander\u00e4tt, vindkraft, vatten mm. \u00c4r du intresserad av landsbygdsfr\u00e5gor \u00e4r ni v\u00e4lkomna som medlemmar i Landsbygdspartiet Oberoende. G\u00e5 g\u00e4rna in p\u00e5 riksorganisationens sida och l\u00e4s v\u00e5r partiprogram.<\/p>\n","protected":false},"excerpt":{"rendered":"<p>V\u00e4lkommen till Landsbygdspartiet oberoende \u00d6rnsk\u00f6ldsviks hemsida! Lokalomr\u00e5det startades upp 3 dec 2018. F\u00f6reningen bildades f\u00f6r att landsbygdsfr\u00e5gorna \u00e4r h\u00f6gaktuella och att vi vill diskutera v\u00e5ra lokala levnadsvillkor som f\u00f6rs\u00e4mras i snabb takt. Det handlar om allt fr\u00e5n service d\u00e4r man <span class=\"excerpt-dots\">&hellip;<\/span> <a class=\"more-link\" href=\"https:\/\/arkiv.landsbygdspartiet.org\/ornskoldsvik\/2019\/03\/25\/valkommen\/\"><span class=\"more-msg\">L\u00e4s mer &rarr;<\/span><\/a><\/p>\n","protected":false},"author":32,"featured_media":30,"comment_status":"closed","ping_status":"closed","sticky":false,"template":"","format":"standard","meta":[],"categories":[1],"tags":[],"_links":{"self":[{"href":"https:\/\/arkiv.landsbygdspartiet.org\/ornskoldsvik\/wp-json\/wp\/v2\/posts\/29"}],"collection":[{"href":"https:\/\/arkiv.landsbygdspartiet.org\/ornskoldsvik\/wp-json\/wp\/v2\/posts"}],"about":[{"href":"https:\/\/arkiv.landsbygdspartiet.org\/ornskoldsvik\/wp-json\/wp\/v2\/types\/post"}],"author":[{"embeddable":true,"href":"https:\/\/arkiv.landsbygdspartiet.org\/ornskoldsvik\/wp-json\/wp\/v2\/users\/32"}],"replies":[{"embeddable":true,"href":"https:\/\/arkiv.landsbygdspartiet.org\/ornskoldsvik\/wp-json\/wp\/v2\/comments?post=29"}],"version-history":[{"count":4,"href":"https:\/\/arkiv.landsbygdspartiet.org\/ornskoldsvik\/wp-json\/wp\/v2\/posts\/29\/revisions"}],"predecessor-version":[{"id":52,"href":"https:\/\/arkiv.landsbygdspartiet.org\/ornskoldsvik\/wp-json\/wp\/v2\/posts\/29\/revisions\/52"}],"wp:featuredmedia":[{"embeddable":true,"href":"https:\/\/arkiv.landsbygdspartiet.org\/ornskoldsvik\/wp-json\/wp\/v2\/media\/30"}],"wp:attachment":[{"href":"https:\/\/arkiv.landsbygdspartiet.org\/ornskoldsvik\/wp-json\/wp\/v2\/media?parent=29"}],"wp:term":[{"taxonomy":"category","embeddable":true,"href":"https:\/\/arkiv.landsbygdspartiet.org\/ornskoldsvik\/wp-json\/wp\/v2\/categories?post=29"},{"taxonomy":"post_tag","embeddable":true,"href":"https:\/\/arkiv.landsbygdspartiet.org\/ornskoldsvik\/wp-json\/wp\/v2\/tags?post=29"}],"curies":[{"name":"wp","href":"https:\/\/api.w.org\/{rel}","templated":true}]}}