{"id":24,"date":"2015-06-26T16:45:37","date_gmt":"2015-06-26T14:45:37","guid":{"rendered":"https:\/\/landsbygdspartiet.org\/osthammar\/?p=24"},"modified":"2015-06-26T16:45:37","modified_gmt":"2015-06-26T14:45:37","slug":"nasta-kommunfullmaktige","status":"publish","type":"post","link":"https:\/\/arkiv.landsbygdspartiet.org\/osthammar\/2015\/06\/26\/nasta-kommunfullmaktige\/","title":{"rendered":"N\u00e4sta kommunfullm\u00e4ktige"},"content":{"rendered":"<p>N\u00e4sta kommunfullm\u00e4ktige \u00e4r den 29 sept 2015<\/p>\n<p>&nbsp;<\/p>\n<p>&nbsp;<\/p>\n<p>&nbsp;<\/p>\n<p>&nbsp;<\/p>\n","protected":false},"excerpt":{"rendered":"<p>N\u00e4sta kommunfullm\u00e4ktige \u00e4r den 29 sept 2015 &nbsp; &nbsp; &nbsp; &nbsp;<\/p>\n <a class=\"more-link\" href=\"https:\/\/arkiv.landsbygdspartiet.org\/osthammar\/2015\/06\/26\/nasta-kommunfullmaktige\/\"><span class=\"more-msg\">L\u00e4s mer &rarr;<\/span><\/a>","protected":false},"author":1,"featured_media":0,"comment_status":"closed","ping_status":"closed","sticky":false,"template":"","format":"standard","meta":[],"categories":[1],"tags":[],"_links":{"self":[{"href":"https:\/\/arkiv.landsbygdspartiet.org\/osthammar\/wp-json\/wp\/v2\/posts\/24"}],"collection":[{"href":"https:\/\/arkiv.landsbygdspartiet.org\/osthammar\/wp-json\/wp\/v2\/posts"}],"about":[{"href":"https:\/\/arkiv.landsbygdspartiet.org\/osthammar\/wp-json\/wp\/v2\/types\/post"}],"author":[{"embeddable":true,"href":"https:\/\/arkiv.landsbygdspartiet.org\/osthammar\/wp-json\/wp\/v2\/users\/1"}],"replies":[{"embeddable":true,"href":"https:\/\/arkiv.landsbygdspartiet.org\/osthammar\/wp-json\/wp\/v2\/comments?post=24"}],"version-history":[{"count":1,"href":"https:\/\/arkiv.landsbygdspartiet.org\/osthammar\/wp-json\/wp\/v2\/posts\/24\/revisions"}],"predecessor-version":[{"id":25,"href":"https:\/\/arkiv.landsbygdspartiet.org\/osthammar\/wp-json\/wp\/v2\/posts\/24\/revisions\/25"}],"wp:attachment":[{"href":"https:\/\/arkiv.landsbygdspartiet.org\/osthammar\/wp-json\/wp\/v2\/media?parent=24"}],"wp:term":[{"taxonomy":"category","embeddable":true,"href":"https:\/\/arkiv.landsbygdspartiet.org\/osthammar\/wp-json\/wp\/v2\/categories?post=24"},{"taxonomy":"post_tag","embeddable":true,"href":"https:\/\/arkiv.landsbygdspartiet.org\/osthammar\/wp-json\/wp\/v2\/tags?post=24"}],"curies":[{"name":"wp","href":"https:\/\/api.w.org\/{rel}","templated":true}]}}