{"id":105,"date":"2013-10-04T21:47:17","date_gmt":"2013-10-04T19:47:17","guid":{"rendered":"https:\/\/www.landsbygdspartiet.se\/uppsala\/?p=105"},"modified":"2013-10-04T21:47:17","modified_gmt":"2013-10-04T19:47:17","slug":"debatt-i-uppsala","status":"publish","type":"post","link":"https:\/\/arkiv.landsbygdspartiet.org\/uppsala\/2013\/10\/04\/debatt-i-uppsala\/","title":{"rendered":"Debatt i Uppsala"},"content":{"rendered":"<p>Den 21\/10 kl 19.00 har Claes Littorin utmanat mp-riksdagsledamoten Helena Leander i en debatt p\u00e5 studief\u00f6rbundet vuxenskolan i Uppsala ang\u00e5ende rovdjurspolitiken. Denna debatt \u00e4r en del i deras &#8221;<a href=\"https:\/\/www.politiskaknuten.se\/\" target=\"_blank\">politiska knuten<\/a>&#8221; som de ska k\u00f6ra fram till valet om ett \u00e5r. Har tidigare uppm\u00e4rksammats en hel del i media och spelas in f\u00f6r allm\u00e4nheten att se hela debatten p\u00e5 webben. Se <a href=\"https:\/\/www.politiskaknuten.se\/\" target=\"_blank\">https:\/\/www.politiskaknuten.se<\/a> f\u00f6r info.<\/p>\n<p>Hoppas p\u00e5 bra st\u00f6d i publiken av meningsfr\u00e4nder, som st\u00e4ller kloka fr\u00e5gor som kan bli &#8221;jobbiga&#8221; f\u00f6r min motdebatt\u00f6r. S\u00e5 boka denna kv\u00e4ll och tag med n\u00e5gra v\u00e4nner, s\u00e5 drar vi fram Landsbygdspartiet i medialjuset p\u00e5 ett bra s\u00e4tt.<\/p>\n<p>&nbsp;<\/p>\n<div class=\"fcbkbttn_buttons_block\" id=\"fcbkbttn_left\"><div class=\"fcbkbttn_like \"><fb:like href=\"https:\/\/arkiv.landsbygdspartiet.org\/uppsala\/2013\/10\/04\/debatt-i-uppsala\/\" action=\"like\" colorscheme=\"light\" layout=\"button_count\"  size=\"small\"><\/fb:like><\/div><\/div>","protected":false},"excerpt":{"rendered":"<p>Den 21\/10 kl 19.00 har Claes Littorin utmanat mp-riksdagsledamoten Helena Leander i en debatt p\u00e5 studief\u00f6rbundet vuxenskolan i Uppsala ang\u00e5ende rovdjurspolitiken. Denna debatt \u00e4r en del i deras &#8221;politiska knuten&#8221; som de ska k\u00f6ra fram till valet om ett \u00e5r. <span class=\"excerpt-dots\">&hellip;<\/span> <a class=\"more-link\" href=\"https:\/\/arkiv.landsbygdspartiet.org\/uppsala\/2013\/10\/04\/debatt-i-uppsala\/\"><span class=\"more-msg\">L\u00e4s mer &rarr;<\/span><\/a><\/p>\n","protected":false},"author":1,"featured_media":0,"comment_status":"closed","ping_status":"open","sticky":false,"template":"","format":"standard","meta":[],"categories":[2],"tags":[],"_links":{"self":[{"href":"https:\/\/arkiv.landsbygdspartiet.org\/uppsala\/wp-json\/wp\/v2\/posts\/105"}],"collection":[{"href":"https:\/\/arkiv.landsbygdspartiet.org\/uppsala\/wp-json\/wp\/v2\/posts"}],"about":[{"href":"https:\/\/arkiv.landsbygdspartiet.org\/uppsala\/wp-json\/wp\/v2\/types\/post"}],"author":[{"embeddable":true,"href":"https:\/\/arkiv.landsbygdspartiet.org\/uppsala\/wp-json\/wp\/v2\/users\/1"}],"replies":[{"embeddable":true,"href":"https:\/\/arkiv.landsbygdspartiet.org\/uppsala\/wp-json\/wp\/v2\/comments?post=105"}],"version-history":[{"count":0,"href":"https:\/\/arkiv.landsbygdspartiet.org\/uppsala\/wp-json\/wp\/v2\/posts\/105\/revisions"}],"wp:attachment":[{"href":"https:\/\/arkiv.landsbygdspartiet.org\/uppsala\/wp-json\/wp\/v2\/media?parent=105"}],"wp:term":[{"taxonomy":"category","embeddable":true,"href":"https:\/\/arkiv.landsbygdspartiet.org\/uppsala\/wp-json\/wp\/v2\/categories?post=105"},{"taxonomy":"post_tag","embeddable":true,"href":"https:\/\/arkiv.landsbygdspartiet.org\/uppsala\/wp-json\/wp\/v2\/tags?post=105"}],"curies":[{"name":"wp","href":"https:\/\/api.w.org\/{rel}","templated":true}]}}