{"id":112,"date":"2013-10-24T14:36:38","date_gmt":"2013-10-24T12:36:38","guid":{"rendered":"https:\/\/www.landsbygdspartiet.se\/uppsala\/?p=112"},"modified":"2013-10-24T14:36:38","modified_gmt":"2013-10-24T12:36:38","slug":"ettarsjubileum","status":"publish","type":"post","link":"https:\/\/arkiv.landsbygdspartiet.org\/uppsala\/2013\/10\/24\/ettarsjubileum\/","title":{"rendered":"Ett\u00e5rsjubileum"},"content":{"rendered":"<div>\u00a0Hej medlemmar och sympatis\u00f6rer!<\/div>\n<div><\/div>\n<div>\u00a0Nu i december s\u00e5 \u00e4r det ett \u00e5r sedan vi bildade Landsbygdspartiet oberoende Uppsala kommun. Detta tycker vi \u00e4r v\u00e4rt att fira och vill g\u00e4rna g\u00f6ra det tillsammans med er!<\/div>\n<div><\/div>\n<div>\u00a0 S\u00f6ndagen den 8\/12 kl 15.00 s\u00e5 t\u00e4nkte vi ta en b\u00e5ttur till \u00c5land med Ecker\u00f6linjen och avnjuta julbord. Vi hoppas att ni vill f\u00f6lja med, g\u00e4rna med respektive och ev v\u00e4nner. Kostnaden inkl bussresa, men exklusive dryck \u00e4r 255 kr\/ person.<\/div>\n<div><\/div>\n<div>Anm\u00e4lan sker\u00a0\u00a0absolut senast 25\/11 till Marie Moberg p\u00e5 tel 070-6348267, eller p\u00e5 mail, <a href=\"mailto:mobergmarie@hotmail.com\">mobergmarie@hotmail.com<\/a>. D\u00e4r ska ni uppge f\u00f6rnamn, efternamn, k\u00f6n, f\u00f6delse\u00e5r, nationalitet. Vill ni \u00e5ka buss s\u00e5 f\u00e5r ni sj\u00e4lva kolla upp var ni kan stiga p\u00e5. Betalningen ber vi f\u00e5 \u00e5terkomma med, men trol kan vi ta det innan ombordstigning.<\/div>\n<div><\/div>\n<div>Claes Littorin<\/div>\n<div>Landsbygdspartiet Uppsala<\/div>\n<div><\/div>\n<div class=\"fcbkbttn_buttons_block\" id=\"fcbkbttn_left\"><div class=\"fcbkbttn_like \"><fb:like href=\"https:\/\/arkiv.landsbygdspartiet.org\/uppsala\/2013\/10\/24\/ettarsjubileum\/\" action=\"like\" colorscheme=\"light\" layout=\"button_count\"  size=\"small\"><\/fb:like><\/div><\/div>","protected":false},"excerpt":{"rendered":"<p>\u00a0Hej medlemmar och sympatis\u00f6rer! \u00a0Nu i december s\u00e5 \u00e4r det ett \u00e5r sedan vi bildade Landsbygdspartiet oberoende Uppsala kommun. Detta tycker vi \u00e4r v\u00e4rt att fira och vill g\u00e4rna g\u00f6ra det tillsammans med er! \u00a0 S\u00f6ndagen den 8\/12 kl 15.00 <span class=\"excerpt-dots\">&hellip;<\/span> <a class=\"more-link\" href=\"https:\/\/arkiv.landsbygdspartiet.org\/uppsala\/2013\/10\/24\/ettarsjubileum\/\"><span class=\"more-msg\">L\u00e4s mer &rarr;<\/span><\/a><\/p>\n","protected":false},"author":1,"featured_media":0,"comment_status":"closed","ping_status":"open","sticky":false,"template":"","format":"standard","meta":[],"categories":[2],"tags":[],"_links":{"self":[{"href":"https:\/\/arkiv.landsbygdspartiet.org\/uppsala\/wp-json\/wp\/v2\/posts\/112"}],"collection":[{"href":"https:\/\/arkiv.landsbygdspartiet.org\/uppsala\/wp-json\/wp\/v2\/posts"}],"about":[{"href":"https:\/\/arkiv.landsbygdspartiet.org\/uppsala\/wp-json\/wp\/v2\/types\/post"}],"author":[{"embeddable":true,"href":"https:\/\/arkiv.landsbygdspartiet.org\/uppsala\/wp-json\/wp\/v2\/users\/1"}],"replies":[{"embeddable":true,"href":"https:\/\/arkiv.landsbygdspartiet.org\/uppsala\/wp-json\/wp\/v2\/comments?post=112"}],"version-history":[{"count":0,"href":"https:\/\/arkiv.landsbygdspartiet.org\/uppsala\/wp-json\/wp\/v2\/posts\/112\/revisions"}],"wp:attachment":[{"href":"https:\/\/arkiv.landsbygdspartiet.org\/uppsala\/wp-json\/wp\/v2\/media?parent=112"}],"wp:term":[{"taxonomy":"category","embeddable":true,"href":"https:\/\/arkiv.landsbygdspartiet.org\/uppsala\/wp-json\/wp\/v2\/categories?post=112"},{"taxonomy":"post_tag","embeddable":true,"href":"https:\/\/arkiv.landsbygdspartiet.org\/uppsala\/wp-json\/wp\/v2\/tags?post=112"}],"curies":[{"name":"wp","href":"https:\/\/api.w.org\/{rel}","templated":true}]}}