{"id":14,"date":"2013-02-19T15:49:08","date_gmt":"2013-02-19T14:49:08","guid":{"rendered":"https:\/\/www.landsbygdspartiet.se\/uppsala\/?p=14"},"modified":"2013-02-19T15:49:08","modified_gmt":"2013-02-19T14:49:08","slug":"foreningen-bildades","status":"publish","type":"post","link":"https:\/\/arkiv.landsbygdspartiet.org\/uppsala\/2013\/02\/19\/foreningen-bildades\/","title":{"rendered":"F\u00f6reningen bildades"},"content":{"rendered":"<p>Avdelningen bildades 19\/12-2012 i Knutby<\/p>\n<p>Vid f\u00f6rsta m\u00f6te tillsattes en interimsstyrelse som sitter till \u00e5rsm\u00f6te 4\/2-2013<\/p>\n<p>Best\u00e5ende av: Claes Littorin, Erica \u00c5hstr\u00f6m, Lars Bergquist, Anna Karlsson, Lucas Karlsson, Kerstin Karenius Dahlin, \u00c5sa Pousettte<\/p>\n<div class=\"fcbkbttn_buttons_block\" id=\"fcbkbttn_left\"><div class=\"fcbkbttn_like \"><fb:like href=\"https:\/\/arkiv.landsbygdspartiet.org\/uppsala\/2013\/02\/19\/foreningen-bildades\/\" action=\"like\" colorscheme=\"light\" layout=\"button_count\"  size=\"small\"><\/fb:like><\/div><\/div>","protected":false},"excerpt":{"rendered":"<p>Avdelningen bildades 19\/12-2012 i Knutby Vid f\u00f6rsta m\u00f6te tillsattes en interimsstyrelse som sitter till \u00e5rsm\u00f6te 4\/2-2013 Best\u00e5ende av: Claes Littorin, Erica \u00c5hstr\u00f6m, Lars Bergquist, Anna Karlsson, Lucas Karlsson, Kerstin Karenius Dahlin, \u00c5sa Pousettte<\/p>\n <a class=\"more-link\" href=\"https:\/\/arkiv.landsbygdspartiet.org\/uppsala\/2013\/02\/19\/foreningen-bildades\/\"><span class=\"more-msg\">L\u00e4s mer &rarr;<\/span><\/a>","protected":false},"author":1,"featured_media":0,"comment_status":"closed","ping_status":"open","sticky":false,"template":"","format":"standard","meta":[],"categories":[3],"tags":[],"_links":{"self":[{"href":"https:\/\/arkiv.landsbygdspartiet.org\/uppsala\/wp-json\/wp\/v2\/posts\/14"}],"collection":[{"href":"https:\/\/arkiv.landsbygdspartiet.org\/uppsala\/wp-json\/wp\/v2\/posts"}],"about":[{"href":"https:\/\/arkiv.landsbygdspartiet.org\/uppsala\/wp-json\/wp\/v2\/types\/post"}],"author":[{"embeddable":true,"href":"https:\/\/arkiv.landsbygdspartiet.org\/uppsala\/wp-json\/wp\/v2\/users\/1"}],"replies":[{"embeddable":true,"href":"https:\/\/arkiv.landsbygdspartiet.org\/uppsala\/wp-json\/wp\/v2\/comments?post=14"}],"version-history":[{"count":0,"href":"https:\/\/arkiv.landsbygdspartiet.org\/uppsala\/wp-json\/wp\/v2\/posts\/14\/revisions"}],"wp:attachment":[{"href":"https:\/\/arkiv.landsbygdspartiet.org\/uppsala\/wp-json\/wp\/v2\/media?parent=14"}],"wp:term":[{"taxonomy":"category","embeddable":true,"href":"https:\/\/arkiv.landsbygdspartiet.org\/uppsala\/wp-json\/wp\/v2\/categories?post=14"},{"taxonomy":"post_tag","embeddable":true,"href":"https:\/\/arkiv.landsbygdspartiet.org\/uppsala\/wp-json\/wp\/v2\/tags?post=14"}],"curies":[{"name":"wp","href":"https:\/\/api.w.org\/{rel}","templated":true}]}}