{"id":169,"date":"2014-08-23T18:55:54","date_gmt":"2014-08-23T16:55:54","guid":{"rendered":"https:\/\/landsbygdspartiet.org\/uppsala\/?p=169"},"modified":"2014-12-28T13:41:44","modified_gmt":"2014-12-28T12:41:44","slug":"debatt-knutbygarden-29","status":"publish","type":"post","link":"https:\/\/arkiv.landsbygdspartiet.org\/uppsala\/2014\/08\/23\/debatt-knutbygarden-29\/","title":{"rendered":"Debatt knutbyg\u00e5rden 2\/9"},"content":{"rendered":"<p><span class=\"fsl\">Milj\u00f6partiet, Folkpartiet och Landsbygdspartiet bjuder in allm\u00e4nheten till en debatt om landsbygdens m\u00f6jligheter och utmaningar. Kom och bilda dig en uppfattning om v\u00e5ra partiers politik! Det blir ocks\u00e5 tid f\u00f6r fr\u00e5gor.<\/span><\/p>\n<p>Debatt\u00f6rer:<br \/>\nClaes Littorin (partiledare, Landsbygdspartiet oberoende)<br \/>\nMaria Gardfjell (kommunalr\u00e5d i<span class=\"text_exposed_show\"> Uppsala, Milj\u00f6partiet)<br \/>\nMohamad Hassan (kommunalr\u00e5d i Uppsala, Folkpartiet)<\/span><\/p>\n<p>Plats Knutbyg\u00e5rden i Knutby den 2\/9 kl 19.00<\/p>\n<p>&nbsp;<\/p>\n<div class=\"fcbkbttn_buttons_block\" id=\"fcbkbttn_left\"><div class=\"fcbkbttn_like \"><fb:like href=\"https:\/\/arkiv.landsbygdspartiet.org\/uppsala\/2014\/08\/23\/debatt-knutbygarden-29\/\" action=\"like\" colorscheme=\"light\" layout=\"button_count\"  size=\"small\"><\/fb:like><\/div><\/div>","protected":false},"excerpt":{"rendered":"<p>Milj\u00f6partiet, Folkpartiet och Landsbygdspartiet bjuder in allm\u00e4nheten till en debatt om landsbygdens m\u00f6jligheter och utmaningar. Kom och bilda dig en uppfattning om v\u00e5ra partiers politik! Det blir ocks\u00e5 tid f\u00f6r fr\u00e5gor. Debatt\u00f6rer: Claes Littorin (partiledare, Landsbygdspartiet oberoende) Maria Gardfjell (kommunalr\u00e5d <span class=\"excerpt-dots\">&hellip;<\/span> <a class=\"more-link\" href=\"https:\/\/arkiv.landsbygdspartiet.org\/uppsala\/2014\/08\/23\/debatt-knutbygarden-29\/\"><span class=\"more-msg\">L\u00e4s mer &rarr;<\/span><\/a><\/p>\n","protected":false},"author":1,"featured_media":0,"comment_status":"closed","ping_status":"closed","sticky":false,"template":"","format":"standard","meta":[],"categories":[1],"tags":[],"_links":{"self":[{"href":"https:\/\/arkiv.landsbygdspartiet.org\/uppsala\/wp-json\/wp\/v2\/posts\/169"}],"collection":[{"href":"https:\/\/arkiv.landsbygdspartiet.org\/uppsala\/wp-json\/wp\/v2\/posts"}],"about":[{"href":"https:\/\/arkiv.landsbygdspartiet.org\/uppsala\/wp-json\/wp\/v2\/types\/post"}],"author":[{"embeddable":true,"href":"https:\/\/arkiv.landsbygdspartiet.org\/uppsala\/wp-json\/wp\/v2\/users\/1"}],"replies":[{"embeddable":true,"href":"https:\/\/arkiv.landsbygdspartiet.org\/uppsala\/wp-json\/wp\/v2\/comments?post=169"}],"version-history":[{"count":4,"href":"https:\/\/arkiv.landsbygdspartiet.org\/uppsala\/wp-json\/wp\/v2\/posts\/169\/revisions"}],"predecessor-version":[{"id":189,"href":"https:\/\/arkiv.landsbygdspartiet.org\/uppsala\/wp-json\/wp\/v2\/posts\/169\/revisions\/189"}],"wp:attachment":[{"href":"https:\/\/arkiv.landsbygdspartiet.org\/uppsala\/wp-json\/wp\/v2\/media?parent=169"}],"wp:term":[{"taxonomy":"category","embeddable":true,"href":"https:\/\/arkiv.landsbygdspartiet.org\/uppsala\/wp-json\/wp\/v2\/categories?post=169"},{"taxonomy":"post_tag","embeddable":true,"href":"https:\/\/arkiv.landsbygdspartiet.org\/uppsala\/wp-json\/wp\/v2\/tags?post=169"}],"curies":[{"name":"wp","href":"https:\/\/api.w.org\/{rel}","templated":true}]}}