{"id":175,"date":"2014-09-04T15:08:48","date_gmt":"2014-09-04T13:08:48","guid":{"rendered":"https:\/\/landsbygdspartiet.org\/uppsala\/?p=175"},"modified":"2014-09-04T15:08:48","modified_gmt":"2014-09-04T13:08:48","slug":"forumtorget-uppsala-den-69","status":"publish","type":"post","link":"https:\/\/arkiv.landsbygdspartiet.org\/uppsala\/2014\/09\/04\/forumtorget-uppsala-den-69\/","title":{"rendered":"Forumtorget Uppsala den 6\/9"},"content":{"rendered":"<div data-ft=\"{&quot;tn&quot;:&quot;K&quot;}\">\n<p>Tr\u00e4ffa Landsbygdspartiet oberoende p\u00e5 Forumtorget mellan 11-13 nu p\u00e5 l\u00f6rdag den 6\/9.<\/p>\n<p>Vi har nekats s\u00f6ka tillst\u00e5nd f\u00f6r valstuga p\u00e5 stora torget, f\u00f6r att det var fullt. Nu st\u00e5r \u00e4ven klimataktions stuga d\u00e4r&#8230;. Var \u00e4r demokratin?<\/p>\n<p>Vi kommer nu att s\u00e4tta upp v\u00e5r valstuga p\u00e5 Forumtorget under 2 timmar i protest mot att vi nekas m\u00f6jlighet att st\u00e5 d\u00e4r politiska partier alltid st\u00e5tt<\/p>\n<p>Tr\u00e4ffa oss d\u00e4r och st\u00e4ll fr\u00e5gor till oss i Landsbygdspartiet oberoende, den 15\/9 Uppsalas f\u00e4rskaste parti i kommunfullm\u00e4ktige!<\/p>\n<p>Vi har \u00e4ven nekats att deltaga i debatterna vid Gottsunda centrum, under den sk politikerveckan.<\/p>\n<p>&nbsp;<\/p>\n<p>Mvh Claes Littorin.<\/p>\n<p>Partiledare och ordf i Uppsala-LPo.<\/p>\n<p>0708-569692<\/p>\n<\/div>\n<div class=\"fcbkbttn_buttons_block\" id=\"fcbkbttn_left\"><div class=\"fcbkbttn_like \"><fb:like href=\"https:\/\/arkiv.landsbygdspartiet.org\/uppsala\/2014\/09\/04\/forumtorget-uppsala-den-69\/\" action=\"like\" colorscheme=\"light\" layout=\"button_count\"  size=\"small\"><\/fb:like><\/div><\/div>","protected":false},"excerpt":{"rendered":"<p>Tr\u00e4ffa Landsbygdspartiet oberoende p\u00e5 Forumtorget mellan 11-13 nu p\u00e5 l\u00f6rdag den 6\/9. Vi har nekats s\u00f6ka tillst\u00e5nd f\u00f6r valstuga p\u00e5 stora torget, f\u00f6r att det var fullt. Nu st\u00e5r \u00e4ven klimataktions stuga d\u00e4r&#8230;. Var \u00e4r demokratin? Vi kommer nu att <span class=\"excerpt-dots\">&hellip;<\/span> <a class=\"more-link\" href=\"https:\/\/arkiv.landsbygdspartiet.org\/uppsala\/2014\/09\/04\/forumtorget-uppsala-den-69\/\"><span class=\"more-msg\">L\u00e4s mer &rarr;<\/span><\/a><\/p>\n","protected":false},"author":1,"featured_media":0,"comment_status":"closed","ping_status":"closed","sticky":false,"template":"","format":"standard","meta":[],"categories":[2],"tags":[],"_links":{"self":[{"href":"https:\/\/arkiv.landsbygdspartiet.org\/uppsala\/wp-json\/wp\/v2\/posts\/175"}],"collection":[{"href":"https:\/\/arkiv.landsbygdspartiet.org\/uppsala\/wp-json\/wp\/v2\/posts"}],"about":[{"href":"https:\/\/arkiv.landsbygdspartiet.org\/uppsala\/wp-json\/wp\/v2\/types\/post"}],"author":[{"embeddable":true,"href":"https:\/\/arkiv.landsbygdspartiet.org\/uppsala\/wp-json\/wp\/v2\/users\/1"}],"replies":[{"embeddable":true,"href":"https:\/\/arkiv.landsbygdspartiet.org\/uppsala\/wp-json\/wp\/v2\/comments?post=175"}],"version-history":[{"count":1,"href":"https:\/\/arkiv.landsbygdspartiet.org\/uppsala\/wp-json\/wp\/v2\/posts\/175\/revisions"}],"predecessor-version":[{"id":176,"href":"https:\/\/arkiv.landsbygdspartiet.org\/uppsala\/wp-json\/wp\/v2\/posts\/175\/revisions\/176"}],"wp:attachment":[{"href":"https:\/\/arkiv.landsbygdspartiet.org\/uppsala\/wp-json\/wp\/v2\/media?parent=175"}],"wp:term":[{"taxonomy":"category","embeddable":true,"href":"https:\/\/arkiv.landsbygdspartiet.org\/uppsala\/wp-json\/wp\/v2\/categories?post=175"},{"taxonomy":"post_tag","embeddable":true,"href":"https:\/\/arkiv.landsbygdspartiet.org\/uppsala\/wp-json\/wp\/v2\/tags?post=175"}],"curies":[{"name":"wp","href":"https:\/\/api.w.org\/{rel}","templated":true}]}}