{"id":186,"date":"2014-12-20T17:30:04","date_gmt":"2014-12-20T16:30:04","guid":{"rendered":"https:\/\/landsbygdspartiet.org\/uppsala\/?p=186"},"modified":"2014-12-20T17:30:47","modified_gmt":"2014-12-20T16:30:47","slug":"186","status":"publish","type":"post","link":"https:\/\/arkiv.landsbygdspartiet.org\/uppsala\/2014\/12\/20\/186\/","title":{"rendered":"\u00c5rsm\u00f6te Uppsala kommunf\u00f6rening"},"content":{"rendered":"<p>Hej Uppsalamedlemmar!<\/p>\n<p>Det b\u00f6rjar bli dags f\u00f6r \u00e5rsm\u00f6te i Landsbygdspartiet oberoende Uppsala kommun.<br \/>\nNi h\u00e4lsas v\u00e4lkomna till Rasbo och Hall 2000 fredagen den 23\/1 2015, kl 19.00.<br \/>\nF\u00f6rutom sedvanligt \u00e5rsm\u00f6te, s\u00e5 kommer vi gemensamt efter m\u00f6tet inmundiga sm\u00f6rg\u00e5st\u00e5rta till sj\u00e4lvkostnadspris 50 kr\/person.\u00a0 \u00c4ven dryck kommer att finnas att k\u00f6pa. Ev har vi ett vinlotteri eller liknande.<\/p>\n<p>Anm\u00e4lan till sekreterare Bianca Eftenie senast den 15\/1 p\u00e5 <a class=\"moz-txt-link-abbreviated\" href=\"mailto:bianca.eftenie@telia.com\">bianca.eftenie@telia.com<\/a>. Anm\u00e4l \u00e4ven specialkost.<\/p>\n<p>Motioner och nomineringar ska vara oss tillhanda senast den 9\/1 och skickas till <a class=\"moz-txt-link-abbreviated\" href=\"mailto:c.littorin@telia.com\">c.littorin@telia.com<\/a>.<\/p>\n<p>Notera att med tanke p\u00e5 extravalet, som troligen blir av den 22\/3, s\u00e5 har partistyrelsen kallat till ett tidigarelagt landsbygdsm\u00f6te i \u00d6rebro den 31\/1. Motioner som ber\u00f6r riks, ska d\u00e4rf\u00f6r inte g\u00e5 via lokalavdelningarna denna g\u00e5ng.<\/p>\n<p>Styrelsen i LPo Uppland vill tacka f\u00f6r det g\u00e5ngna \u00e5ret och hoppas att ni forts\u00e4tter kampen att utveckla landsbygden tillsammans med oss!<\/p>\n<p>Vi \u00f6nskar er \u00e4ven en riktigt god jul och ett gott nytt \u00e5r!<\/p>\n<p>Mvh Claes Littorin.<\/p>\n<div class=\"fcbkbttn_buttons_block\" id=\"fcbkbttn_left\"><div class=\"fcbkbttn_like \"><fb:like href=\"https:\/\/arkiv.landsbygdspartiet.org\/uppsala\/2014\/12\/20\/186\/\" action=\"like\" colorscheme=\"light\" layout=\"button_count\"  size=\"small\"><\/fb:like><\/div><\/div>","protected":false},"excerpt":{"rendered":"<p>Hej Uppsalamedlemmar! Det b\u00f6rjar bli dags f\u00f6r \u00e5rsm\u00f6te i Landsbygdspartiet oberoende Uppsala kommun. Ni h\u00e4lsas v\u00e4lkomna till Rasbo och Hall 2000 fredagen den 23\/1 2015, kl 19.00. F\u00f6rutom sedvanligt \u00e5rsm\u00f6te, s\u00e5 kommer vi gemensamt efter m\u00f6tet inmundiga sm\u00f6rg\u00e5st\u00e5rta till sj\u00e4lvkostnadspris <span class=\"excerpt-dots\">&hellip;<\/span> <a class=\"more-link\" href=\"https:\/\/arkiv.landsbygdspartiet.org\/uppsala\/2014\/12\/20\/186\/\"><span class=\"more-msg\">L\u00e4s mer &rarr;<\/span><\/a><\/p>\n","protected":false},"author":1,"featured_media":0,"comment_status":"closed","ping_status":"closed","sticky":false,"template":"","format":"standard","meta":[],"categories":[2],"tags":[],"_links":{"self":[{"href":"https:\/\/arkiv.landsbygdspartiet.org\/uppsala\/wp-json\/wp\/v2\/posts\/186"}],"collection":[{"href":"https:\/\/arkiv.landsbygdspartiet.org\/uppsala\/wp-json\/wp\/v2\/posts"}],"about":[{"href":"https:\/\/arkiv.landsbygdspartiet.org\/uppsala\/wp-json\/wp\/v2\/types\/post"}],"author":[{"embeddable":true,"href":"https:\/\/arkiv.landsbygdspartiet.org\/uppsala\/wp-json\/wp\/v2\/users\/1"}],"replies":[{"embeddable":true,"href":"https:\/\/arkiv.landsbygdspartiet.org\/uppsala\/wp-json\/wp\/v2\/comments?post=186"}],"version-history":[{"count":2,"href":"https:\/\/arkiv.landsbygdspartiet.org\/uppsala\/wp-json\/wp\/v2\/posts\/186\/revisions"}],"predecessor-version":[{"id":188,"href":"https:\/\/arkiv.landsbygdspartiet.org\/uppsala\/wp-json\/wp\/v2\/posts\/186\/revisions\/188"}],"wp:attachment":[{"href":"https:\/\/arkiv.landsbygdspartiet.org\/uppsala\/wp-json\/wp\/v2\/media?parent=186"}],"wp:term":[{"taxonomy":"category","embeddable":true,"href":"https:\/\/arkiv.landsbygdspartiet.org\/uppsala\/wp-json\/wp\/v2\/categories?post=186"},{"taxonomy":"post_tag","embeddable":true,"href":"https:\/\/arkiv.landsbygdspartiet.org\/uppsala\/wp-json\/wp\/v2\/tags?post=186"}],"curies":[{"name":"wp","href":"https:\/\/api.w.org\/{rel}","templated":true}]}}