{"id":195,"date":"2015-05-15T19:58:33","date_gmt":"2015-05-15T17:58:33","guid":{"rendered":"https:\/\/landsbygdspartiet.org\/uppsala\/?p=195"},"modified":"2015-05-15T19:59:58","modified_gmt":"2015-05-15T17:59:58","slug":"landsbydgen-far-egen-strateg","status":"publish","type":"post","link":"https:\/\/arkiv.landsbygdspartiet.org\/uppsala\/2015\/05\/15\/landsbydgen-far-egen-strateg\/","title":{"rendered":"Landsbydgen f\u00e5r egen strateg"},"content":{"rendered":"<p><strong>Hon ska jobba f\u00f6r att utveckla Uppsala kommuns landsbygd.<\/strong><\/p>\n<p>Uppsala kommun har utsett en ny strateg f\u00f6r landsbygden. Hon heter Mimmi Skarelius Lille och ska jobba f\u00f6r att utveckla kommunens landsbygd, bland annat genom att underl\u00e4tta kontakter, information och dialog mellan de n\u00e4tverk som finns p\u00e5 Uppsalas landsbygd och andra akt\u00f6rer. L\u00e4s mer p\u00e5 <a href=\"https:\/\/www.unt.se\/uppland\/uppsala\/landsbydgen-far-egen-strateg-3730686.aspx\" target=\"_blank\">https:\/\/www.unt.se\/uppland\/uppsala\/landsbydgen-far-egen-strateg-3730686.aspx <\/a><\/p>\n<div class=\"fcbkbttn_buttons_block\" id=\"fcbkbttn_left\"><div class=\"fcbkbttn_like \"><fb:like href=\"https:\/\/arkiv.landsbygdspartiet.org\/uppsala\/2015\/05\/15\/landsbydgen-far-egen-strateg\/\" action=\"like\" colorscheme=\"light\" layout=\"button_count\"  size=\"small\"><\/fb:like><\/div><\/div>","protected":false},"excerpt":{"rendered":"<p>Hon ska jobba f\u00f6r att utveckla Uppsala kommuns landsbygd. Uppsala kommun har utsett en ny strateg f\u00f6r landsbygden. Hon heter Mimmi Skarelius Lille och ska jobba f\u00f6r att utveckla kommunens landsbygd, bland annat genom att underl\u00e4tta kontakter, information och dialog <span class=\"excerpt-dots\">&hellip;<\/span> <a class=\"more-link\" href=\"https:\/\/arkiv.landsbygdspartiet.org\/uppsala\/2015\/05\/15\/landsbydgen-far-egen-strateg\/\"><span class=\"more-msg\">L\u00e4s mer &rarr;<\/span><\/a><\/p>\n","protected":false},"author":1,"featured_media":0,"comment_status":"closed","ping_status":"closed","sticky":false,"template":"","format":"standard","meta":[],"categories":[1],"tags":[],"_links":{"self":[{"href":"https:\/\/arkiv.landsbygdspartiet.org\/uppsala\/wp-json\/wp\/v2\/posts\/195"}],"collection":[{"href":"https:\/\/arkiv.landsbygdspartiet.org\/uppsala\/wp-json\/wp\/v2\/posts"}],"about":[{"href":"https:\/\/arkiv.landsbygdspartiet.org\/uppsala\/wp-json\/wp\/v2\/types\/post"}],"author":[{"embeddable":true,"href":"https:\/\/arkiv.landsbygdspartiet.org\/uppsala\/wp-json\/wp\/v2\/users\/1"}],"replies":[{"embeddable":true,"href":"https:\/\/arkiv.landsbygdspartiet.org\/uppsala\/wp-json\/wp\/v2\/comments?post=195"}],"version-history":[{"count":3,"href":"https:\/\/arkiv.landsbygdspartiet.org\/uppsala\/wp-json\/wp\/v2\/posts\/195\/revisions"}],"predecessor-version":[{"id":198,"href":"https:\/\/arkiv.landsbygdspartiet.org\/uppsala\/wp-json\/wp\/v2\/posts\/195\/revisions\/198"}],"wp:attachment":[{"href":"https:\/\/arkiv.landsbygdspartiet.org\/uppsala\/wp-json\/wp\/v2\/media?parent=195"}],"wp:term":[{"taxonomy":"category","embeddable":true,"href":"https:\/\/arkiv.landsbygdspartiet.org\/uppsala\/wp-json\/wp\/v2\/categories?post=195"},{"taxonomy":"post_tag","embeddable":true,"href":"https:\/\/arkiv.landsbygdspartiet.org\/uppsala\/wp-json\/wp\/v2\/tags?post=195"}],"curies":[{"name":"wp","href":"https:\/\/api.w.org\/{rel}","templated":true}]}}