{"id":212,"date":"2015-09-29T23:13:29","date_gmt":"2015-09-29T21:13:29","guid":{"rendered":"https:\/\/landsbygdspartiet.org\/uppsala\/?p=212"},"modified":"2015-09-29T23:13:29","modified_gmt":"2015-09-29T21:13:29","slug":"kvallsmote-for-uppsala","status":"publish","type":"post","link":"https:\/\/arkiv.landsbygdspartiet.org\/uppsala\/2015\/09\/29\/kvallsmote-for-uppsala\/","title":{"rendered":"Kv\u00e4llsm\u00f6te f\u00f6r Uppsala"},"content":{"rendered":"<p>Lokalf\u00f6rening Uppsala har haft m\u00f6te den 29 september 2015 hos <a class=\"profileLink\" href=\"https:\/\/www.facebook.com\/erica.ahstrom\" data-hovercard=\"\/ajax\/hovercard\/user.php?id=842709377&amp;extragetparams=%7B%22directed_target_id%22%3A288347597940530%7D\">Erica \u00c5hstr\u00f6m<\/a>.\u00a0\u00a0\ud83d\ude42 Med <a class=\"profileLink\" href=\"https:\/\/www.facebook.com\/thomas.thunberg\" data-hovercard=\"\/ajax\/hovercard\/user.php?id=100000405506672&amp;extragetparams=%7B%22directed_target_id%22%3A288347597940530%7D\">Thomas Thunberg<\/a>, <a class=\"profileLink\" href=\"https:\/\/www.facebook.com\/thomas.nordlov\" data-hovercard=\"\/ajax\/hovercard\/user.php?id=1816423608&amp;extragetparams=%7B%22directed_target_id%22%3A288347597940530%7D\">Thomas Nordl\u00f6v<\/a>, <a class=\"profileLink\" href=\"https:\/\/www.facebook.com\/asa.pousette.1\" data-hovercard=\"\/ajax\/hovercard\/user.php?id=529225837&amp;extragetparams=%7B%22directed_target_id%22%3A288347597940530%7D\">\u00c5sa Pousette<\/a>, <a class=\"profileLink\" href=\"https:\/\/www.facebook.com\/anki.lindholm.1\" data-hovercard=\"\/ajax\/hovercard\/user.php?id=100000933489169&amp;extragetparams=%7B%22directed_target_id%22%3A288347597940530%7D\">Anki Lindholm<\/a>, <a class=\"profileLink\" href=\"https:\/\/www.facebook.com\/moberg.marie\" data-hovercard=\"\/ajax\/hovercard\/user.php?id=675207660&amp;extragetparams=%7B%22directed_target_id%22%3A288347597940530%7D\">Moberg Marie<\/a>, <a class=\"profileLink\" href=\"https:\/\/www.facebook.com\/bianca.eftenie\" data-hovercard=\"\/ajax\/hovercard\/user.php?id=100000463359787&amp;extragetparams=%7B%22directed_target_id%22%3A288347597940530%7D\">Bianca Eftenie<\/a>, <a class=\"profileLink\" href=\"https:\/\/www.facebook.com\/andersson.conny\" data-hovercard=\"\/ajax\/hovercard\/user.php?id=609114799&amp;extragetparams=%7B%22directed_target_id%22%3A288347597940530%7D\">Conny Andersson<\/a>, <a class=\"profileLink\" href=\"https:\/\/www.facebook.com\/erik.eriks.5\" data-hovercard=\"\/ajax\/hovercard\/user.php?id=100002385498623&amp;extragetparams=%7B%22directed_target_id%22%3A288347597940530%7D\">Yngve Eriksson<\/a> och <a class=\"profileLink\" href=\"https:\/\/www.facebook.com\/krister.ericsson\" data-hovercard=\"\/ajax\/hovercard\/user.php?id=567638424&amp;extragetparams=%7B%22directed_target_id%22%3A288347597940530%7D\">Krister Ericsson<\/a>.<img loading=\"lazy\" class=\"aligncenter wp-image-213 size-full\" src=\"https:\/\/arkiv.landsbygdspartiet.org\/uppsala\/wp-content\/uploads\/sites\/2\/2015\/09\/150929-Uppsala-mo\u0308te.jpg\" alt=\"150929 Uppsala mo\u0308te\" width=\"640\" height=\"480\" srcset=\"https:\/\/arkiv.landsbygdspartiet.org\/uppsala\/wp-content\/uploads\/sites\/2\/2015\/09\/150929-Uppsala-mo\u0308te.jpg 640w, https:\/\/arkiv.landsbygdspartiet.org\/uppsala\/wp-content\/uploads\/sites\/2\/2015\/09\/150929-Uppsala-mo\u0308te-300x225.jpg 300w\" sizes=\"(max-width: 640px) 100vw, 640px\" \/><\/p>\n<div class=\"fcbkbttn_buttons_block\" id=\"fcbkbttn_left\"><div class=\"fcbkbttn_like \"><fb:like href=\"https:\/\/arkiv.landsbygdspartiet.org\/uppsala\/2015\/09\/29\/kvallsmote-for-uppsala\/\" action=\"like\" colorscheme=\"light\" layout=\"button_count\"  size=\"small\"><\/fb:like><\/div><\/div>","protected":false},"excerpt":{"rendered":"<p>Lokalf\u00f6rening Uppsala har haft m\u00f6te den 29 september 2015 hos Erica \u00c5hstr\u00f6m.\u00a0\u00a0\ud83d\ude42 Med Thomas Thunberg, Thomas Nordl\u00f6v, \u00c5sa Pousette, Anki Lindholm, Moberg Marie, Bianca Eftenie, Conny Andersson, Yngve Eriksson och Krister Ericsson.<\/p>\n <a class=\"more-link\" href=\"https:\/\/arkiv.landsbygdspartiet.org\/uppsala\/2015\/09\/29\/kvallsmote-for-uppsala\/\"><span class=\"more-msg\">L\u00e4s mer &rarr;<\/span><\/a>","protected":false},"author":14,"featured_media":0,"comment_status":"closed","ping_status":"closed","sticky":false,"template":"","format":"standard","meta":[],"categories":[1],"tags":[],"_links":{"self":[{"href":"https:\/\/arkiv.landsbygdspartiet.org\/uppsala\/wp-json\/wp\/v2\/posts\/212"}],"collection":[{"href":"https:\/\/arkiv.landsbygdspartiet.org\/uppsala\/wp-json\/wp\/v2\/posts"}],"about":[{"href":"https:\/\/arkiv.landsbygdspartiet.org\/uppsala\/wp-json\/wp\/v2\/types\/post"}],"author":[{"embeddable":true,"href":"https:\/\/arkiv.landsbygdspartiet.org\/uppsala\/wp-json\/wp\/v2\/users\/14"}],"replies":[{"embeddable":true,"href":"https:\/\/arkiv.landsbygdspartiet.org\/uppsala\/wp-json\/wp\/v2\/comments?post=212"}],"version-history":[{"count":1,"href":"https:\/\/arkiv.landsbygdspartiet.org\/uppsala\/wp-json\/wp\/v2\/posts\/212\/revisions"}],"predecessor-version":[{"id":214,"href":"https:\/\/arkiv.landsbygdspartiet.org\/uppsala\/wp-json\/wp\/v2\/posts\/212\/revisions\/214"}],"wp:attachment":[{"href":"https:\/\/arkiv.landsbygdspartiet.org\/uppsala\/wp-json\/wp\/v2\/media?parent=212"}],"wp:term":[{"taxonomy":"category","embeddable":true,"href":"https:\/\/arkiv.landsbygdspartiet.org\/uppsala\/wp-json\/wp\/v2\/categories?post=212"},{"taxonomy":"post_tag","embeddable":true,"href":"https:\/\/arkiv.landsbygdspartiet.org\/uppsala\/wp-json\/wp\/v2\/tags?post=212"}],"curies":[{"name":"wp","href":"https:\/\/api.w.org\/{rel}","templated":true}]}}