{"id":218,"date":"2015-12-12T14:19:18","date_gmt":"2015-12-12T13:19:18","guid":{"rendered":"https:\/\/landsbygdspartiet.org\/uppsala\/?p=218"},"modified":"2015-12-12T14:19:18","modified_gmt":"2015-12-12T13:19:18","slug":"bjorkgarden-i-knutby","status":"publish","type":"post","link":"https:\/\/arkiv.landsbygdspartiet.org\/uppsala\/2015\/12\/12\/bjorkgarden-i-knutby\/","title":{"rendered":"Bj\u00f6rkg\u00e5rden i Knutby"},"content":{"rendered":"<p>Bj\u00f6rkg\u00e5rden, ett \u00e4ldreboende i Knutby, var nedl\u00e4ggningshotat. Flera ledam\u00f6ter i styrelsen f\u00f6r LPo Uppsala drev detta \u00e4rende v\u00e4ldigt h\u00e5rt, b\u00e5de som privatpersoner och LPo-are. Namnlistor, fb-sida, debattartikel <a href=\"https:\/\/www.unt.se\/asikt\/debatt\/lagga-ned-bjorkgarden-ar-markligt-3967753.aspx\" target=\"_blank\">L\u00e4gga ned Bj\u00f6rkg\u00e5rden \u00e4r m\u00e4rkligt<\/a>\u00a0 (UNT 2015-11-09), samt medverkan i radio Uppland gav resultat. Boendet blir kvar!\u00a0 <a href=\"https:\/\/sverigesradio.se\/sida\/artikel.aspx?programid=114&amp;artikel=6315549\" target=\"_blank\">L\u00e4s och lyssna p\u00e5 Sveriges radio<\/a>. 2015-12-01.<\/p>\n<div class=\"fcbkbttn_buttons_block\" id=\"fcbkbttn_left\"><div class=\"fcbkbttn_like \"><fb:like href=\"https:\/\/arkiv.landsbygdspartiet.org\/uppsala\/2015\/12\/12\/bjorkgarden-i-knutby\/\" action=\"like\" colorscheme=\"light\" layout=\"button_count\"  size=\"small\"><\/fb:like><\/div><\/div>","protected":false},"excerpt":{"rendered":"<p>Bj\u00f6rkg\u00e5rden, ett \u00e4ldreboende i Knutby, var nedl\u00e4ggningshotat. Flera ledam\u00f6ter i styrelsen f\u00f6r LPo Uppsala drev detta \u00e4rende v\u00e4ldigt h\u00e5rt, b\u00e5de som privatpersoner och LPo-are. Namnlistor, fb-sida, debattartikel L\u00e4gga ned Bj\u00f6rkg\u00e5rden \u00e4r m\u00e4rkligt\u00a0 (UNT 2015-11-09), samt medverkan i radio Uppland gav <span class=\"excerpt-dots\">&hellip;<\/span> <a class=\"more-link\" href=\"https:\/\/arkiv.landsbygdspartiet.org\/uppsala\/2015\/12\/12\/bjorkgarden-i-knutby\/\"><span class=\"more-msg\">L\u00e4s mer &rarr;<\/span><\/a><\/p>\n","protected":false},"author":14,"featured_media":0,"comment_status":"closed","ping_status":"closed","sticky":false,"template":"","format":"standard","meta":[],"categories":[1],"tags":[],"_links":{"self":[{"href":"https:\/\/arkiv.landsbygdspartiet.org\/uppsala\/wp-json\/wp\/v2\/posts\/218"}],"collection":[{"href":"https:\/\/arkiv.landsbygdspartiet.org\/uppsala\/wp-json\/wp\/v2\/posts"}],"about":[{"href":"https:\/\/arkiv.landsbygdspartiet.org\/uppsala\/wp-json\/wp\/v2\/types\/post"}],"author":[{"embeddable":true,"href":"https:\/\/arkiv.landsbygdspartiet.org\/uppsala\/wp-json\/wp\/v2\/users\/14"}],"replies":[{"embeddable":true,"href":"https:\/\/arkiv.landsbygdspartiet.org\/uppsala\/wp-json\/wp\/v2\/comments?post=218"}],"version-history":[{"count":1,"href":"https:\/\/arkiv.landsbygdspartiet.org\/uppsala\/wp-json\/wp\/v2\/posts\/218\/revisions"}],"predecessor-version":[{"id":219,"href":"https:\/\/arkiv.landsbygdspartiet.org\/uppsala\/wp-json\/wp\/v2\/posts\/218\/revisions\/219"}],"wp:attachment":[{"href":"https:\/\/arkiv.landsbygdspartiet.org\/uppsala\/wp-json\/wp\/v2\/media?parent=218"}],"wp:term":[{"taxonomy":"category","embeddable":true,"href":"https:\/\/arkiv.landsbygdspartiet.org\/uppsala\/wp-json\/wp\/v2\/categories?post=218"},{"taxonomy":"post_tag","embeddable":true,"href":"https:\/\/arkiv.landsbygdspartiet.org\/uppsala\/wp-json\/wp\/v2\/tags?post=218"}],"curies":[{"name":"wp","href":"https:\/\/api.w.org\/{rel}","templated":true}]}}