{"id":230,"date":"2016-03-16T19:06:45","date_gmt":"2016-03-16T18:06:45","guid":{"rendered":"https:\/\/landsbygdspartiet.org\/uppsala\/?p=230"},"modified":"2016-03-16T19:06:45","modified_gmt":"2016-03-16T18:06:45","slug":"oppet-mote-29-mars","status":"publish","type":"post","link":"https:\/\/arkiv.landsbygdspartiet.org\/uppsala\/2016\/03\/16\/oppet-mote-29-mars\/","title":{"rendered":"\u00d6ppet m\u00f6te 29 mars"},"content":{"rendered":"<h3>\u00d6ppet m\u00f6te LPo Uppsala kommun!<strong><br \/>\n<\/strong><\/h3>\n<p><strong>Tisdagen den 29 mars 2016 kl 18.30<\/strong><\/p>\n<p>Vi l\u00e4mnar landsbygden och \u00e4ntrar city f\u00f6r en g\u00e5ngs skull. Vi kommer h\u00e5lla till i Studief\u00f6rbundet vuxenskolans lokaler p\u00e5 g\u00e5gatan. Kungs\u00e4ngsgatan 12, 1 tr. 753 22 Uppsala.<\/p>\n<p>Partiordf\u00f6rande Claes Littorin ber\u00e4ttar om partiets snabba tillv\u00e4xt, var vi finns och vilka kommuner i l\u00e4net som det ser ut att bli avdelningar i. Genomg\u00e5ng av partiprogram och ett axplock av intressanta motioner och propositioner inf\u00f6r rikspartiets \u00e5rsm\u00f6te i Kinda kommun, s\u00f6dra \u00d6sterg\u00f6tland, 8-10\/4. Tid f\u00f6r fr\u00e5gor kommer finnas.<\/p>\n<p>D\u00e4refter h\u00e5ller Uppsalastyrelsen ett m\u00f6te, som ni ocks\u00e5 \u00e4r v\u00e4lkomna att n\u00e4rvara p\u00e5.<\/p>\n<p>Det kommer vara portvakt med portkod. S\u00e5 se till att passa tiden.<\/p>\n<p>V\u00e4lkomna!<\/p>\n<p>Claes Littorin<br \/>\n070-856 96 92<\/p>\n<p>&nbsp;<\/p>\n<p>&nbsp;<\/p>\n<p>&nbsp;<\/p>\n<div class=\"fcbkbttn_buttons_block\" id=\"fcbkbttn_left\"><div class=\"fcbkbttn_like \"><fb:like href=\"https:\/\/arkiv.landsbygdspartiet.org\/uppsala\/2016\/03\/16\/oppet-mote-29-mars\/\" action=\"like\" colorscheme=\"light\" layout=\"button_count\"  size=\"small\"><\/fb:like><\/div><\/div>","protected":false},"excerpt":{"rendered":"<p>\u00d6ppet m\u00f6te LPo Uppsala kommun! Tisdagen den 29 mars 2016 kl 18.30 Vi l\u00e4mnar landsbygden och \u00e4ntrar city f\u00f6r en g\u00e5ngs skull. Vi kommer h\u00e5lla till i Studief\u00f6rbundet vuxenskolans lokaler p\u00e5 g\u00e5gatan. Kungs\u00e4ngsgatan 12, 1 tr. 753 22 Uppsala. Partiordf\u00f6rande <span class=\"excerpt-dots\">&hellip;<\/span> <a class=\"more-link\" href=\"https:\/\/arkiv.landsbygdspartiet.org\/uppsala\/2016\/03\/16\/oppet-mote-29-mars\/\"><span class=\"more-msg\">L\u00e4s mer &rarr;<\/span><\/a><\/p>\n","protected":false},"author":14,"featured_media":0,"comment_status":"closed","ping_status":"closed","sticky":false,"template":"","format":"standard","meta":[],"categories":[1],"tags":[],"_links":{"self":[{"href":"https:\/\/arkiv.landsbygdspartiet.org\/uppsala\/wp-json\/wp\/v2\/posts\/230"}],"collection":[{"href":"https:\/\/arkiv.landsbygdspartiet.org\/uppsala\/wp-json\/wp\/v2\/posts"}],"about":[{"href":"https:\/\/arkiv.landsbygdspartiet.org\/uppsala\/wp-json\/wp\/v2\/types\/post"}],"author":[{"embeddable":true,"href":"https:\/\/arkiv.landsbygdspartiet.org\/uppsala\/wp-json\/wp\/v2\/users\/14"}],"replies":[{"embeddable":true,"href":"https:\/\/arkiv.landsbygdspartiet.org\/uppsala\/wp-json\/wp\/v2\/comments?post=230"}],"version-history":[{"count":1,"href":"https:\/\/arkiv.landsbygdspartiet.org\/uppsala\/wp-json\/wp\/v2\/posts\/230\/revisions"}],"predecessor-version":[{"id":231,"href":"https:\/\/arkiv.landsbygdspartiet.org\/uppsala\/wp-json\/wp\/v2\/posts\/230\/revisions\/231"}],"wp:attachment":[{"href":"https:\/\/arkiv.landsbygdspartiet.org\/uppsala\/wp-json\/wp\/v2\/media?parent=230"}],"wp:term":[{"taxonomy":"category","embeddable":true,"href":"https:\/\/arkiv.landsbygdspartiet.org\/uppsala\/wp-json\/wp\/v2\/categories?post=230"},{"taxonomy":"post_tag","embeddable":true,"href":"https:\/\/arkiv.landsbygdspartiet.org\/uppsala\/wp-json\/wp\/v2\/tags?post=230"}],"curies":[{"name":"wp","href":"https:\/\/api.w.org\/{rel}","templated":true}]}}