{"id":243,"date":"2016-06-08T23:53:01","date_gmt":"2016-06-08T21:53:01","guid":{"rendered":"https:\/\/landsbygdspartiet.org\/uppsala\/?p=243"},"modified":"2016-07-02T12:47:13","modified_gmt":"2016-07-02T10:47:13","slug":"enkoping","status":"publish","type":"post","link":"https:\/\/arkiv.landsbygdspartiet.org\/uppsala\/2016\/06\/08\/enkoping\/","title":{"rendered":"Enk\u00f6ping"},"content":{"rendered":"<h4 style=\"text-align: center;\"><strong>Landsbygdspartiet oberoende har haft informationsm\u00f6te i Enk\u00f6ping, n\u00e4sta m\u00f6te blir prelimin\u00e4rt 3 augusti.<\/strong><\/h4>\n<p>Det \u00e4r vi i Uppsala kommunavdelning som tagit initiativ till detta, d\u00e5 vi vet att det finns ett antal personer i er kommun som \u00e4r intresserade av oss.\u00a0\u00a0 Vi hoppas kunna f\u00e5 ig\u00e5ng en grupp\/lokalf\u00f6rening f\u00f6r Landsbygdspartiet oberoende \u00e4ven i Enk\u00f6pings kommun.<\/p>\n<p>Mvh Claes Littorin Ordf Uppsalaavdelningen.<\/p>\n<p>0708-569692<\/p>\n<p><a href=\"mailto:claes.littorin@landsbygdspartiet.org\">claes.littorin@landsbygdspartiet.org<\/a><\/p>\n<p>&nbsp;<\/p>\n<div class=\"fcbkbttn_buttons_block\" id=\"fcbkbttn_left\"><div class=\"fcbkbttn_like \"><fb:like href=\"https:\/\/arkiv.landsbygdspartiet.org\/uppsala\/2016\/06\/08\/enkoping\/\" action=\"like\" colorscheme=\"light\" layout=\"button_count\"  size=\"small\"><\/fb:like><\/div><\/div>","protected":false},"excerpt":{"rendered":"<p>Landsbygdspartiet oberoende har haft informationsm\u00f6te i Enk\u00f6ping, n\u00e4sta m\u00f6te blir prelimin\u00e4rt 3 augusti. Det \u00e4r vi i Uppsala kommunavdelning som tagit initiativ till detta, d\u00e5 vi vet att det finns ett antal personer i er kommun som \u00e4r intresserade av <span class=\"excerpt-dots\">&hellip;<\/span> <a class=\"more-link\" href=\"https:\/\/arkiv.landsbygdspartiet.org\/uppsala\/2016\/06\/08\/enkoping\/\"><span class=\"more-msg\">L\u00e4s mer &rarr;<\/span><\/a><\/p>\n","protected":false},"author":14,"featured_media":0,"comment_status":"closed","ping_status":"closed","sticky":false,"template":"","format":"standard","meta":[],"categories":[1],"tags":[],"_links":{"self":[{"href":"https:\/\/arkiv.landsbygdspartiet.org\/uppsala\/wp-json\/wp\/v2\/posts\/243"}],"collection":[{"href":"https:\/\/arkiv.landsbygdspartiet.org\/uppsala\/wp-json\/wp\/v2\/posts"}],"about":[{"href":"https:\/\/arkiv.landsbygdspartiet.org\/uppsala\/wp-json\/wp\/v2\/types\/post"}],"author":[{"embeddable":true,"href":"https:\/\/arkiv.landsbygdspartiet.org\/uppsala\/wp-json\/wp\/v2\/users\/14"}],"replies":[{"embeddable":true,"href":"https:\/\/arkiv.landsbygdspartiet.org\/uppsala\/wp-json\/wp\/v2\/comments?post=243"}],"version-history":[{"count":3,"href":"https:\/\/arkiv.landsbygdspartiet.org\/uppsala\/wp-json\/wp\/v2\/posts\/243\/revisions"}],"predecessor-version":[{"id":247,"href":"https:\/\/arkiv.landsbygdspartiet.org\/uppsala\/wp-json\/wp\/v2\/posts\/243\/revisions\/247"}],"wp:attachment":[{"href":"https:\/\/arkiv.landsbygdspartiet.org\/uppsala\/wp-json\/wp\/v2\/media?parent=243"}],"wp:term":[{"taxonomy":"category","embeddable":true,"href":"https:\/\/arkiv.landsbygdspartiet.org\/uppsala\/wp-json\/wp\/v2\/categories?post=243"},{"taxonomy":"post_tag","embeddable":true,"href":"https:\/\/arkiv.landsbygdspartiet.org\/uppsala\/wp-json\/wp\/v2\/tags?post=243"}],"curies":[{"name":"wp","href":"https:\/\/api.w.org\/{rel}","templated":true}]}}