{"id":255,"date":"2016-11-02T16:05:16","date_gmt":"2016-11-02T15:05:16","guid":{"rendered":"https:\/\/landsbygdspartiet.org\/uppsala\/?p=255"},"modified":"2016-11-02T16:05:16","modified_gmt":"2016-11-02T15:05:16","slug":"storregioner-pressmeddelande","status":"publish","type":"post","link":"https:\/\/arkiv.landsbygdspartiet.org\/uppsala\/2016\/11\/02\/storregioner-pressmeddelande\/","title":{"rendered":"Storregioner Pressmeddelande"},"content":{"rendered":"<h3><strong>Pressmeddelande 2016-11-02<br \/>\n<\/strong><\/h3>\n<p><strong>Storregioner kommer att bli till stor nackdel f\u00f6r befolkningen utanf\u00f6r centrala Uppsala<\/strong><\/p>\n<p>Riksdagen har gett klartecken till att landstinget i Uppsala l\u00e4n sj\u00e4lva ska ta hand om regionbildningen.<\/p>\n<p>Att finansiera det arbetet kommer att kosta stora pengar f\u00f6r landstinget och riskerar att antingen g\u00e5 ut \u00f6ver verksamheten, eller leda till skatteh\u00f6jning.<\/p>\n<p>Den allm\u00e4nna k\u00e4nnedomen \u00e4r att Akademiska redan i dag har s\u00e5 stora brister p\u00e5 samordning inom organisationen, samt med en ekonomisk avvikelse i budget p\u00e5 280 miljoner kronor i dagsl\u00e4get, vilket inte talar f\u00f6r ett bildande av en storregion.<\/p>\n<p>V\u00e5rdarbetet \u00e4r dock stabilt och mycket bra och att det bedrivs forskning d\u00e4r Akademiska ligger i framkant f\u00f6r vad som \u00e4r m\u00f6jligt, samtidigt som nu ett minus p\u00e5 150 miljoner kronor ska hanteras inom verksamheterna. I dagsl\u00e4get \u00e4r inte verksamheterna, arbetss\u00e4ttet eller dokumentationen moget f\u00f6r denna f\u00f6r\u00e4ndring. Att ta hand om personalen s\u00e5 att de vill stanna kvar och orka arbeta \u00e4r en st\u00f6rre l\u00f6sning \u00e4n att l\u00e4gga pengar p\u00e5 ett regionsbildande.<\/p>\n<p>Hanteringen kring IT och ekonomi och mycket annat, \u00e4r v\u00e4ldigt spretigt och det \u00e4r inte s\u00e4llan beroende p\u00e5 att organisationen i dag \u00e4r redan s\u00e5 stor och oklar att ingen vet vad som g\u00e4ller g\u00e4llande ledning, ansvar skyldigheter, mandat och s\u00e5 vidare, \u00e4n mindre om det ska v\u00e4xa till en storregion d\u00e4r det kommer att tvingas j\u00e4mkas med \u00e4nnu fler.<\/p>\n<p>Allt detta leder till att mer skattemedel m\u00e5ste in i kassan, vem ska st\u00e5 f\u00f6r kostnaderna f\u00f6r denna lekstuga?<\/p>\n<p>F\u00f6r Landsbygdspartiet oberoende Uppsala och Uppsala l\u00e4n<\/p>\n<p>Claes Littorin 0708569692<\/p>\n<p>Pernilla Rosander 0704936512<\/p>\n<p>&nbsp;<\/p>\n<div class=\"fcbkbttn_buttons_block\" id=\"fcbkbttn_left\"><div class=\"fcbkbttn_like \"><fb:like href=\"https:\/\/arkiv.landsbygdspartiet.org\/uppsala\/2016\/11\/02\/storregioner-pressmeddelande\/\" action=\"like\" colorscheme=\"light\" layout=\"button_count\"  size=\"small\"><\/fb:like><\/div><\/div>","protected":false},"excerpt":{"rendered":"<p>Pressmeddelande 2016-11-02 Storregioner kommer att bli till stor nackdel f\u00f6r befolkningen utanf\u00f6r centrala Uppsala Riksdagen har gett klartecken till att landstinget i Uppsala l\u00e4n sj\u00e4lva ska ta hand om regionbildningen. Att finansiera det arbetet kommer att kosta stora pengar f\u00f6r <span class=\"excerpt-dots\">&hellip;<\/span> <a class=\"more-link\" href=\"https:\/\/arkiv.landsbygdspartiet.org\/uppsala\/2016\/11\/02\/storregioner-pressmeddelande\/\"><span class=\"more-msg\">L\u00e4s mer &rarr;<\/span><\/a><\/p>\n","protected":false},"author":14,"featured_media":0,"comment_status":"closed","ping_status":"closed","sticky":false,"template":"","format":"standard","meta":[],"categories":[1],"tags":[],"_links":{"self":[{"href":"https:\/\/arkiv.landsbygdspartiet.org\/uppsala\/wp-json\/wp\/v2\/posts\/255"}],"collection":[{"href":"https:\/\/arkiv.landsbygdspartiet.org\/uppsala\/wp-json\/wp\/v2\/posts"}],"about":[{"href":"https:\/\/arkiv.landsbygdspartiet.org\/uppsala\/wp-json\/wp\/v2\/types\/post"}],"author":[{"embeddable":true,"href":"https:\/\/arkiv.landsbygdspartiet.org\/uppsala\/wp-json\/wp\/v2\/users\/14"}],"replies":[{"embeddable":true,"href":"https:\/\/arkiv.landsbygdspartiet.org\/uppsala\/wp-json\/wp\/v2\/comments?post=255"}],"version-history":[{"count":1,"href":"https:\/\/arkiv.landsbygdspartiet.org\/uppsala\/wp-json\/wp\/v2\/posts\/255\/revisions"}],"predecessor-version":[{"id":256,"href":"https:\/\/arkiv.landsbygdspartiet.org\/uppsala\/wp-json\/wp\/v2\/posts\/255\/revisions\/256"}],"wp:attachment":[{"href":"https:\/\/arkiv.landsbygdspartiet.org\/uppsala\/wp-json\/wp\/v2\/media?parent=255"}],"wp:term":[{"taxonomy":"category","embeddable":true,"href":"https:\/\/arkiv.landsbygdspartiet.org\/uppsala\/wp-json\/wp\/v2\/categories?post=255"},{"taxonomy":"post_tag","embeddable":true,"href":"https:\/\/arkiv.landsbygdspartiet.org\/uppsala\/wp-json\/wp\/v2\/tags?post=255"}],"curies":[{"name":"wp","href":"https:\/\/api.w.org\/{rel}","templated":true}]}}