{"id":287,"date":"2017-07-25T11:36:00","date_gmt":"2017-07-25T09:36:00","guid":{"rendered":"https:\/\/landsbygdspartiet.org\/uppsala\/?p=287"},"modified":"2017-07-25T11:36:00","modified_gmt":"2017-07-25T09:36:00","slug":"lpo-uppsala-pa-plats-vid-traktorracet-stavby-2017","status":"publish","type":"post","link":"https:\/\/arkiv.landsbygdspartiet.org\/uppsala\/2017\/07\/25\/lpo-uppsala-pa-plats-vid-traktorracet-stavby-2017\/","title":{"rendered":"LPo Uppsala p\u00e5 plats vid Traktorracet Stavby 2017"},"content":{"rendered":"<div id=\"attachment_288\" style=\"width: 310px\" class=\"wp-caption aligncenter\"><a href=\"https:\/\/arkiv.landsbygdspartiet.org\/uppsala\/wp-content\/uploads\/sites\/2\/2017\/07\/DSC_0622.jpg\"><img aria-describedby=\"caption-attachment-288\" loading=\"lazy\" class=\"size-medium wp-image-288\" src=\"https:\/\/arkiv.landsbygdspartiet.org\/uppsala\/wp-content\/uploads\/sites\/2\/2017\/07\/DSC_0622-300x199.jpg\" alt=\"\" width=\"300\" height=\"199\" srcset=\"https:\/\/arkiv.landsbygdspartiet.org\/uppsala\/wp-content\/uploads\/sites\/2\/2017\/07\/DSC_0622-300x199.jpg 300w, https:\/\/arkiv.landsbygdspartiet.org\/uppsala\/wp-content\/uploads\/sites\/2\/2017\/07\/DSC_0622-768x510.jpg 768w, https:\/\/arkiv.landsbygdspartiet.org\/uppsala\/wp-content\/uploads\/sites\/2\/2017\/07\/DSC_0622-1024x680.jpg 1024w\" sizes=\"(max-width: 300px) 100vw, 300px\" \/><\/a><p id=\"caption-attachment-288\" class=\"wp-caption-text\">Claes L LPo Uppsala deltar i traktorracet Stavby 2017, d\u00e4r starten \u00e4r, som m\u00e5nga sporter, helt avg\u00f6rande.<\/p><\/div>\n<div id=\"attachment_289\" style=\"width: 310px\" class=\"wp-caption alignnone\"><a href=\"https:\/\/arkiv.landsbygdspartiet.org\/uppsala\/wp-content\/uploads\/sites\/2\/2017\/07\/DSC_0577.jpg\"><img aria-describedby=\"caption-attachment-289\" loading=\"lazy\" class=\"size-medium wp-image-289\" src=\"https:\/\/arkiv.landsbygdspartiet.org\/uppsala\/wp-content\/uploads\/sites\/2\/2017\/07\/DSC_0577-300x199.jpg\" alt=\"\" width=\"300\" height=\"199\" srcset=\"https:\/\/arkiv.landsbygdspartiet.org\/uppsala\/wp-content\/uploads\/sites\/2\/2017\/07\/DSC_0577-300x199.jpg 300w, https:\/\/arkiv.landsbygdspartiet.org\/uppsala\/wp-content\/uploads\/sites\/2\/2017\/07\/DSC_0577-768x510.jpg 768w, https:\/\/arkiv.landsbygdspartiet.org\/uppsala\/wp-content\/uploads\/sites\/2\/2017\/07\/DSC_0577-1024x680.jpg 1024w\" sizes=\"(max-width: 300px) 100vw, 300px\" \/><\/a><p id=\"caption-attachment-289\" class=\"wp-caption-text\">Avtackning av,fv, Anki, \u00c5sa och Marie, ej med p\u00e5 bild Helena M<\/p><\/div>\n<div id=\"attachment_290\" style=\"width: 310px\" class=\"wp-caption alignright\"><a href=\"https:\/\/arkiv.landsbygdspartiet.org\/uppsala\/wp-content\/uploads\/sites\/2\/2017\/07\/DSC_0570.jpg\"><img aria-describedby=\"caption-attachment-290\" loading=\"lazy\" class=\"size-medium wp-image-290\" src=\"https:\/\/arkiv.landsbygdspartiet.org\/uppsala\/wp-content\/uploads\/sites\/2\/2017\/07\/DSC_0570-300x199.jpg\" alt=\"\" width=\"300\" height=\"199\" srcset=\"https:\/\/arkiv.landsbygdspartiet.org\/uppsala\/wp-content\/uploads\/sites\/2\/2017\/07\/DSC_0570-300x199.jpg 300w, https:\/\/arkiv.landsbygdspartiet.org\/uppsala\/wp-content\/uploads\/sites\/2\/2017\/07\/DSC_0570-768x510.jpg 768w, https:\/\/arkiv.landsbygdspartiet.org\/uppsala\/wp-content\/uploads\/sites\/2\/2017\/07\/DSC_0570-1024x680.jpg 1024w\" sizes=\"(max-width: 300px) 100vw, 300px\" \/><\/a><p id=\"caption-attachment-290\" class=\"wp-caption-text\">LPo Uppsalas plats under Stavbyracet 2017. Inte bara politiskinformation utan \u00e4ven lotteri, Gissa Vikten p\u00e5 rundbalen och lite f\u00f6rs\u00e4ljning.<\/p><\/div>\n<div class=\"fcbkbttn_buttons_block\" id=\"fcbkbttn_left\"><div class=\"fcbkbttn_like \"><fb:like href=\"https:\/\/arkiv.landsbygdspartiet.org\/uppsala\/2017\/07\/25\/lpo-uppsala-pa-plats-vid-traktorracet-stavby-2017\/\" action=\"like\" colorscheme=\"light\" layout=\"button_count\"  size=\"small\"><\/fb:like><\/div><\/div>","protected":false},"excerpt":{"rendered":" <a class=\"more-link\" href=\"https:\/\/arkiv.landsbygdspartiet.org\/uppsala\/2017\/07\/25\/lpo-uppsala-pa-plats-vid-traktorracet-stavby-2017\/\"><span class=\"more-msg\">L\u00e4s mer &rarr;<\/span><\/a>","protected":false},"author":21,"featured_media":0,"comment_status":"closed","ping_status":"closed","sticky":false,"template":"","format":"standard","meta":[],"categories":[2],"tags":[],"_links":{"self":[{"href":"https:\/\/arkiv.landsbygdspartiet.org\/uppsala\/wp-json\/wp\/v2\/posts\/287"}],"collection":[{"href":"https:\/\/arkiv.landsbygdspartiet.org\/uppsala\/wp-json\/wp\/v2\/posts"}],"about":[{"href":"https:\/\/arkiv.landsbygdspartiet.org\/uppsala\/wp-json\/wp\/v2\/types\/post"}],"author":[{"embeddable":true,"href":"https:\/\/arkiv.landsbygdspartiet.org\/uppsala\/wp-json\/wp\/v2\/users\/21"}],"replies":[{"embeddable":true,"href":"https:\/\/arkiv.landsbygdspartiet.org\/uppsala\/wp-json\/wp\/v2\/comments?post=287"}],"version-history":[{"count":3,"href":"https:\/\/arkiv.landsbygdspartiet.org\/uppsala\/wp-json\/wp\/v2\/posts\/287\/revisions"}],"predecessor-version":[{"id":293,"href":"https:\/\/arkiv.landsbygdspartiet.org\/uppsala\/wp-json\/wp\/v2\/posts\/287\/revisions\/293"}],"wp:attachment":[{"href":"https:\/\/arkiv.landsbygdspartiet.org\/uppsala\/wp-json\/wp\/v2\/media?parent=287"}],"wp:term":[{"taxonomy":"category","embeddable":true,"href":"https:\/\/arkiv.landsbygdspartiet.org\/uppsala\/wp-json\/wp\/v2\/categories?post=287"},{"taxonomy":"post_tag","embeddable":true,"href":"https:\/\/arkiv.landsbygdspartiet.org\/uppsala\/wp-json\/wp\/v2\/tags?post=287"}],"curies":[{"name":"wp","href":"https:\/\/api.w.org\/{rel}","templated":true}]}}