{"id":310,"date":"2017-07-25T15:43:03","date_gmt":"2017-07-25T13:43:03","guid":{"rendered":"https:\/\/landsbygdspartiet.org\/uppsala\/?p=310"},"modified":"2017-07-25T15:43:03","modified_gmt":"2017-07-25T13:43:03","slug":"pa-g-uppstart-av-lokalavdelning-tierp","status":"publish","type":"post","link":"https:\/\/arkiv.landsbygdspartiet.org\/uppsala\/2017\/07\/25\/pa-g-uppstart-av-lokalavdelning-tierp\/","title":{"rendered":"P\u00e5 G: Uppstart av lokalavdelning Tierp"},"content":{"rendered":"<p>Ett m\u00f6te i Tierpstrakten \u00e4r planerad till den 2 oktober 2017, tanken \u00e4r att starta upp en lokalavdelning i Tierp under h\u00f6sten som st\u00e5r redo till valet 2018.<\/p>\n<p>Best\u00e4mt \u00e4r att v\u00e5r partiordf\u00f6rande <a href=\"https:\/\/www.facebook.com\/erikasorengard.lpo.9\">Erika S\u00f6reng\u00e5rd<\/a> kommer att n\u00e4rvara p\u00e5 detta m\u00f6te.<\/p>\n<p>Tid och plats kommer inom kort, f\u00f6lj oss p\u00e5 <a href=\"https:\/\/www.facebook.com\/groups\/782500518432520\/\">facebook<\/a>\u00a0eller denna sida.<\/p>\n<p>&nbsp;<\/p>\n<div class=\"fcbkbttn_buttons_block\" id=\"fcbkbttn_left\"><div class=\"fcbkbttn_like \"><fb:like href=\"https:\/\/arkiv.landsbygdspartiet.org\/uppsala\/2017\/07\/25\/pa-g-uppstart-av-lokalavdelning-tierp\/\" action=\"like\" colorscheme=\"light\" layout=\"button_count\"  size=\"small\"><\/fb:like><\/div><\/div>","protected":false},"excerpt":{"rendered":"<p>Ett m\u00f6te i Tierpstrakten \u00e4r planerad till den 2 oktober 2017, tanken \u00e4r att starta upp en lokalavdelning i Tierp under h\u00f6sten som st\u00e5r redo till valet 2018. Best\u00e4mt \u00e4r att v\u00e5r partiordf\u00f6rande Erika S\u00f6reng\u00e5rd kommer att n\u00e4rvara p\u00e5 detta <span class=\"excerpt-dots\">&hellip;<\/span> <a class=\"more-link\" href=\"https:\/\/arkiv.landsbygdspartiet.org\/uppsala\/2017\/07\/25\/pa-g-uppstart-av-lokalavdelning-tierp\/\"><span class=\"more-msg\">L\u00e4s mer &rarr;<\/span><\/a><\/p>\n","protected":false},"author":21,"featured_media":0,"comment_status":"closed","ping_status":"closed","sticky":false,"template":"","format":"standard","meta":[],"categories":[2],"tags":[],"_links":{"self":[{"href":"https:\/\/arkiv.landsbygdspartiet.org\/uppsala\/wp-json\/wp\/v2\/posts\/310"}],"collection":[{"href":"https:\/\/arkiv.landsbygdspartiet.org\/uppsala\/wp-json\/wp\/v2\/posts"}],"about":[{"href":"https:\/\/arkiv.landsbygdspartiet.org\/uppsala\/wp-json\/wp\/v2\/types\/post"}],"author":[{"embeddable":true,"href":"https:\/\/arkiv.landsbygdspartiet.org\/uppsala\/wp-json\/wp\/v2\/users\/21"}],"replies":[{"embeddable":true,"href":"https:\/\/arkiv.landsbygdspartiet.org\/uppsala\/wp-json\/wp\/v2\/comments?post=310"}],"version-history":[{"count":1,"href":"https:\/\/arkiv.landsbygdspartiet.org\/uppsala\/wp-json\/wp\/v2\/posts\/310\/revisions"}],"predecessor-version":[{"id":311,"href":"https:\/\/arkiv.landsbygdspartiet.org\/uppsala\/wp-json\/wp\/v2\/posts\/310\/revisions\/311"}],"wp:attachment":[{"href":"https:\/\/arkiv.landsbygdspartiet.org\/uppsala\/wp-json\/wp\/v2\/media?parent=310"}],"wp:term":[{"taxonomy":"category","embeddable":true,"href":"https:\/\/arkiv.landsbygdspartiet.org\/uppsala\/wp-json\/wp\/v2\/categories?post=310"},{"taxonomy":"post_tag","embeddable":true,"href":"https:\/\/arkiv.landsbygdspartiet.org\/uppsala\/wp-json\/wp\/v2\/tags?post=310"}],"curies":[{"name":"wp","href":"https:\/\/api.w.org\/{rel}","templated":true}]}}