{"id":313,"date":"2017-09-13T18:21:36","date_gmt":"2017-09-13T16:21:36","guid":{"rendered":"https:\/\/landsbygdspartiet.org\/uppsala\/?p=313"},"modified":"2017-09-13T18:21:36","modified_gmt":"2017-09-13T16:21:36","slug":"styrelsemote","status":"publish","type":"post","link":"https:\/\/arkiv.landsbygdspartiet.org\/uppsala\/2017\/09\/13\/styrelsemote\/","title":{"rendered":"Styrelsem\u00f6te"},"content":{"rendered":"<p>D\u00e5 har vi haft ett styrelsem\u00f6te eller man kan nog mer s\u00e4ga att det var en Rej\u00e4l Uppstart inf\u00f6r valet n\u00e4sta \u00e5r.<\/p>\n<p>En m\u00e4ngd lokala fr\u00e5gor, nya som gamla, togs upp och ska diskuteras djupare innan vi l\u00e4gger fram ett lokalt valprogram f\u00f6r Uppsala \u00e4ven fr\u00e5gan om vem som vill st\u00e4lla upp p\u00e5 till val f\u00f6r Riks &#8211; kommun och Landsting, p\u00e5 respektive valsedel tog ocks\u00e5 fart under kv\u00e4llen.<\/p>\n<p>Vi g\u00e5r en sp\u00e4nnande h\u00f6st tillm\u00f6tes &#8211; Val 2018.<\/p>\n<div class=\"fcbkbttn_buttons_block\" id=\"fcbkbttn_left\"><div class=\"fcbkbttn_like \"><fb:like href=\"https:\/\/arkiv.landsbygdspartiet.org\/uppsala\/2017\/09\/13\/styrelsemote\/\" action=\"like\" colorscheme=\"light\" layout=\"button_count\"  size=\"small\"><\/fb:like><\/div><\/div>","protected":false},"excerpt":{"rendered":"<p>D\u00e5 har vi haft ett styrelsem\u00f6te eller man kan nog mer s\u00e4ga att det var en Rej\u00e4l Uppstart inf\u00f6r valet n\u00e4sta \u00e5r. En m\u00e4ngd lokala fr\u00e5gor, nya som gamla, togs upp och ska diskuteras djupare innan vi l\u00e4gger fram ett <span class=\"excerpt-dots\">&hellip;<\/span> <a class=\"more-link\" href=\"https:\/\/arkiv.landsbygdspartiet.org\/uppsala\/2017\/09\/13\/styrelsemote\/\"><span class=\"more-msg\">L\u00e4s mer &rarr;<\/span><\/a><\/p>\n","protected":false},"author":21,"featured_media":0,"comment_status":"closed","ping_status":"closed","sticky":false,"template":"","format":"standard","meta":[],"categories":[1],"tags":[],"_links":{"self":[{"href":"https:\/\/arkiv.landsbygdspartiet.org\/uppsala\/wp-json\/wp\/v2\/posts\/313"}],"collection":[{"href":"https:\/\/arkiv.landsbygdspartiet.org\/uppsala\/wp-json\/wp\/v2\/posts"}],"about":[{"href":"https:\/\/arkiv.landsbygdspartiet.org\/uppsala\/wp-json\/wp\/v2\/types\/post"}],"author":[{"embeddable":true,"href":"https:\/\/arkiv.landsbygdspartiet.org\/uppsala\/wp-json\/wp\/v2\/users\/21"}],"replies":[{"embeddable":true,"href":"https:\/\/arkiv.landsbygdspartiet.org\/uppsala\/wp-json\/wp\/v2\/comments?post=313"}],"version-history":[{"count":1,"href":"https:\/\/arkiv.landsbygdspartiet.org\/uppsala\/wp-json\/wp\/v2\/posts\/313\/revisions"}],"predecessor-version":[{"id":314,"href":"https:\/\/arkiv.landsbygdspartiet.org\/uppsala\/wp-json\/wp\/v2\/posts\/313\/revisions\/314"}],"wp:attachment":[{"href":"https:\/\/arkiv.landsbygdspartiet.org\/uppsala\/wp-json\/wp\/v2\/media?parent=313"}],"wp:term":[{"taxonomy":"category","embeddable":true,"href":"https:\/\/arkiv.landsbygdspartiet.org\/uppsala\/wp-json\/wp\/v2\/categories?post=313"},{"taxonomy":"post_tag","embeddable":true,"href":"https:\/\/arkiv.landsbygdspartiet.org\/uppsala\/wp-json\/wp\/v2\/tags?post=313"}],"curies":[{"name":"wp","href":"https:\/\/api.w.org\/{rel}","templated":true}]}}