{"id":480,"date":"2018-06-22T12:10:48","date_gmt":"2018-06-22T10:10:48","guid":{"rendered":"https:\/\/landsbygdspartiet.org\/uppsala\/?p=480"},"modified":"2018-06-22T12:10:48","modified_gmt":"2018-06-22T10:10:48","slug":"uppsala-vaxer-for-fort-bygg-i-kransorterna-claesl","status":"publish","type":"post","link":"https:\/\/arkiv.landsbygdspartiet.org\/uppsala\/2018\/06\/22\/uppsala-vaxer-for-fort-bygg-i-kransorterna-claesl\/","title":{"rendered":"Uppsala v\u00e4xer f\u00f6r fort, bygg i kransorterna. ClaesL"},"content":{"rendered":"<h4>Linda Stolpe Margenberg\u00a0<span style=\"font-weight: 300;font-size: 0.875em\">12:28 | 2018-06-19 UNT<\/span><\/h4>\n<h1 class=\"article-header\">&#8221;Uppsala v\u00e4xer f\u00f6r fort&#8221;<\/h1>\n<div class=\"row\">\n<div id=\"main-text\">\n<div id=\"readspeaker_button1\" class=\"rs_skip rs_preserve rsbtn_adspaceskin\"><\/div>\n<div class=\"article-preamble\">\n<p>Landsbygdspartiet oberoende i Uppsala (LPo) vill ha fler landsbygdsskolor och tillv\u00e4xt i Uppsalas kransorter. Partiets f\u00f6rstanamn Claes Littorin ser hur skilda f\u00f6ruts\u00e4ttningar f\u00f6r stad och land skapar sp\u00e4nningar i samh\u00e4llet.<\/p>\n<\/div>\n<div class=\"margin-top clear-both\">\n<div class=\"article-text margin-bottom clearfix\">\n<p>Claes Littorin menar att centraliseringen g\u00e5tt f\u00f6r l\u00e5ngt och att det finns ett ensidigt fokus p\u00e5 storst\u00e4dernas tillv\u00e4xt.<\/p>\n<p>\u2013 Uppsala v\u00e4xer f\u00f6r fort, s\u00e4ger Claes Littorin. Man f\u00f6rt\u00e4tar f\u00f6r mycket och infrastrukturen h\u00e4nger inte med. Det vore b\u00e4ttre att bygga i kransorterna och att l\u00e5ta Uppsala v\u00e4xa lite lagom. Ekonomisk tillv\u00e4xt och befolkningstillv\u00e4xt beh\u00f6ver inte n\u00f6dv\u00e4ndigtvis h\u00e4nga ihop.<\/p>\n<p>Finns det en skiljelinje mellan stad och land?<\/p>\n<div class=\"article-image\"><img loading=\"lazy\" title=\"Claes Littorin (LPo) var tidigare politiskt aktiv i Moderaterna.\n\u2013 Men jag fick nog, jag stod inte ut med deras centraliseringspolitik, s&#228;ger han.\" src=\"http:\/\/img1.ntm.eu\/unt\/public\/img\/5005158\/061292438\/claes-littorin-lpo-var-tidig?w=980&amp;h=551&amp;anchor=topcenter&amp;bgcolor=222&amp;scale=both\" alt=\"Artikelbild\" width=\"768\" height=\"444\" \/><span class=\"byline\">BILD: Linda Stolpe Margenberg<\/span>\u00a0<span class=\"pipe\">|\u00a0<\/span><span class=\"caption\">Claes Littorin (LPo) var tidigare politiskt aktiv i Moderaterna. \u2013 Men jag fick nog, jag stod inte ut med deras centraliseringspolitik, s\u00e4ger han.<\/span><\/p>\n<\/div>\n<p>\u2013 Det g\u00f6r det absolut. Sverige \u00e4r ett otroligt kluvet land just nu. Men folk knyter inte l\u00e4ngre n\u00e4ven i fickan, de har tagit upp den och kan sl\u00e5 till n\u00e4rsomhelst. Och k\u00e4ftsm\u00e4llen mot andra politiker har redan kommit i och med att folk har b\u00f6rjat r\u00f6sta p\u00e5 Sverigedemokraterna. Det finns en irritation och en uppgivenhet.<\/p>\n<p>Han ber\u00e4ttar att det samtidigt \u00e4r l\u00e4tt att hamna i sin egen bubbla d\u00e4r man bara tar del av den information som bekr\u00e4ftar den egna v\u00e4rldsbilden, vilket kan sp\u00e4 p\u00e5 k\u00e4nslan av splittring.<\/p>\n<div id=\"adn-article-01\" class=\"adn-article\"><\/div>\n<p><strong>G\u00e5r det att entydigt tala om en &#8221;landsbygd&#8221;? \u00c4r behoven desamma oavsett var i landet man bor?<\/strong><\/p>\n<p>\u2013 Det skiljer sig givetvis \u00e5t beroende p\u00e5 var i landet man bor, h\u00e4r \u00e4r det ju inte 20 mil till n\u00e4rmsta stad. Vi har m\u00f6jligheten att f\u00f6rh\u00e5llandevis enkelt ta oss in till Uppsala. Men jag tycker \u00e4nd\u00e5 att man kan se paralleller. Det handlar framf\u00f6rallt om att det \u00e4r l\u00e5ngt till samh\u00e4llsservice.<\/p>\n<p><strong>Vilken \u00e4r den viktigaste fr\u00e5gan i Uppsala just nu?<\/strong><\/p>\n<p>\u2013 Decentralisering. I dag \u00e4r utvecklingen precis den motsatta. Det \u00e4r m\u00e4rkligt att man m\u00e5ste locka folk till st\u00e4derna n\u00e4r vi har kommit f\u00f6rbi industrialiseringen och m\u00e5nga arbeten inte beh\u00f6ver utf\u00f6ras p\u00e5 en viss geografisk plats.<\/p>\n<p>Littorin menar att administrativa arbetsuppgifter lika g\u00e4rna hade kunnat utf\u00f6ras i det egna hemmet eller i kontorslokaler p\u00e5 landsbygden.<\/p>\n<p>\u2013 Vi lever trots allt i ett IT-samh\u00e4lle.<\/p>\n<p><strong>Att beh\u00e5lla landsbygdsskolorna \u00e4r ett av partiprogrammet. Men dina egna s\u00f6ner har sj\u00e4lva valt att g\u00e5 i skolan inne i Uppsala. Finns det en efterfr\u00e5gan p\u00e5 landsbygdsskolor?<\/strong><\/p>\n<p>\u2013 Att de g\u00e5r i skolan i Uppsala handlar mer om att de vill l\u00e4sa profilinriktningar som inte finns h\u00e4r ute. Men i h\u00f6gstadiet v\u00e4cks en tanke om att staden \u00e4r ballare och hippare. Staden f\u00e5r en viss dragningskraft. Yngre barn \u00e4r inte medvetna om det p\u00e5 samma s\u00e4tt.<\/p>\n<p>Han menar att problemet ligger i att stadens tillv\u00e4xt stimuleras med politiska medel.<\/p>\n<p>\u2013 Man borde i st\u00e4llet stimulera decentralisering, exempelvis genom att bygga bost\u00e4der f\u00f6r ungdomar, studenter och \u00e4ldre p\u00e5 landsbygden och l\u00e5ta hyrorna vara billigare d\u00e4r. Men hela samh\u00e4llet \u00e4r uppbyggt kring en urban norm.<\/p>\n<p><strong>Hur h\u00e4nger det samman med fr\u00e5gan om landsbygdsskolor?<\/strong><\/p>\n<p>\u2013 Om det hela tiden finns ett hot om att skolan p\u00e5 en viss ort riskerar att l\u00e4ggas ner v\u00e4ljer inte en barnfamilj att flytta dit. \u00c5terv\u00e4xten \u00e4r viktig f\u00f6r landsbygden, s\u00e5 man ska inte f\u00f6rsv\u00e5ra f\u00f6r folk att flytta hit.<\/p>\n<p><strong>Vilket av de etablerade partierna ligger n\u00e4rmast er politik?<\/strong><\/p>\n<p>\u2013 Om man tittar p\u00e5 vad i princip alla s\u00e4ger i sina partiprogram s\u00e5 \u00e4r det snudd p\u00e5 identiskt med v\u00e5rt. Men ser man till hur det fungerar i praktiken s\u00e5 \u00e4r det inte n\u00e5gon som ligger n\u00e4ra oss i landsbygdsfr\u00e5gorna. Historiskt sett har Socialdemokraterna och Centerpartiet haft fokus p\u00e5 landsbygden, men det var l\u00e4nge sedan de l\u00e4mnade det.<\/p>\n<p><strong>I en intervju med tidningen Sm\u00e5l\u00e4nningen beskriver en partimedlem LPo som ett missn\u00f6jesparti. \u00c4r ni det?<\/strong><\/p>\n<p>\u2013 Jag tycker att ordet har en negativ klang, det \u00e4r inget man vill f\u00f6rknippas med. Samtidigt \u00e4r det ju s\u00e5 att inget parti har startats f\u00f6r att man \u00e4r n\u00f6jd med allt.<\/p>\n<p><strong>G\u00e5r det att f\u00f6rena en bra landsbygdspolitik med en bra politik f\u00f6r stadsbor?<\/strong><\/p>\n<p>\u2013 Det tror jag. Det handlar om att f\u00f6rena stad och land, de \u00e4r beroende av varandra. Men man kan inte ta bort resurser och hota med nedl\u00e4ggningar f\u00f6r den ena gruppen under en l\u00e5ng tid utan att det sl\u00e5r tillbaka mot en sj\u00e4lv.<\/p>\n<p>Claes Littorin ber\u00e4ttar att kommunfullm\u00e4ktige har beslutat att Uppsala kommun ska vara en av Sveriges b\u00e4sta landsbygdskommuner.<\/p>\n<p>\u2013 Men m\u00e5ste allt vara en t\u00e4vling? R\u00e4cker det inte med att Uppsala \u00e4r en bra landsbygdskommun?<\/p>\n<p><strong>Vad tror du om era chanser i h\u00f6stens val?<\/strong><\/p>\n<p>\u2013 I valet 2014 fattades 200 r\u00f6ster f\u00f6r att f\u00e5 ett mandat i kommunfullm\u00e4ktige. Men vi fick flest r\u00f6ster av alla partier i Faringe-Blad\u00e5kers valdistrikt d\u00e4r vi blev st\u00f6rsta parti med cirka 30 procent av r\u00f6sterna. Jag tror vi har goda chanser i \u00e5r.<\/p>\n<p>linda.stolpemargenberg@unt.se<\/p>\n<\/div>\n<\/div>\n<\/div>\n<\/div>\n<div class=\"fcbkbttn_buttons_block\" id=\"fcbkbttn_left\"><div class=\"fcbkbttn_like \"><fb:like href=\"https:\/\/arkiv.landsbygdspartiet.org\/uppsala\/2018\/06\/22\/uppsala-vaxer-for-fort-bygg-i-kransorterna-claesl\/\" action=\"like\" colorscheme=\"light\" layout=\"button_count\"  size=\"small\"><\/fb:like><\/div><\/div>","protected":false},"excerpt":{"rendered":"<p>Linda Stolpe Margenberg\u00a012:28 | 2018-06-19 UNT &#8221;Uppsala v\u00e4xer f\u00f6r fort&#8221; Landsbygdspartiet oberoende i Uppsala (LPo) vill ha fler landsbygdsskolor och tillv\u00e4xt i Uppsalas kransorter. Partiets f\u00f6rstanamn Claes Littorin ser hur skilda f\u00f6ruts\u00e4ttningar f\u00f6r stad och land skapar sp\u00e4nningar i samh\u00e4llet. <span class=\"excerpt-dots\">&hellip;<\/span> <a class=\"more-link\" href=\"https:\/\/arkiv.landsbygdspartiet.org\/uppsala\/2018\/06\/22\/uppsala-vaxer-for-fort-bygg-i-kransorterna-claesl\/\"><span class=\"more-msg\">L\u00e4s mer &rarr;<\/span><\/a><\/p>\n","protected":false},"author":21,"featured_media":0,"comment_status":"closed","ping_status":"closed","sticky":false,"template":"","format":"standard","meta":[],"categories":[1],"tags":[],"_links":{"self":[{"href":"https:\/\/arkiv.landsbygdspartiet.org\/uppsala\/wp-json\/wp\/v2\/posts\/480"}],"collection":[{"href":"https:\/\/arkiv.landsbygdspartiet.org\/uppsala\/wp-json\/wp\/v2\/posts"}],"about":[{"href":"https:\/\/arkiv.landsbygdspartiet.org\/uppsala\/wp-json\/wp\/v2\/types\/post"}],"author":[{"embeddable":true,"href":"https:\/\/arkiv.landsbygdspartiet.org\/uppsala\/wp-json\/wp\/v2\/users\/21"}],"replies":[{"embeddable":true,"href":"https:\/\/arkiv.landsbygdspartiet.org\/uppsala\/wp-json\/wp\/v2\/comments?post=480"}],"version-history":[{"count":1,"href":"https:\/\/arkiv.landsbygdspartiet.org\/uppsala\/wp-json\/wp\/v2\/posts\/480\/revisions"}],"predecessor-version":[{"id":481,"href":"https:\/\/arkiv.landsbygdspartiet.org\/uppsala\/wp-json\/wp\/v2\/posts\/480\/revisions\/481"}],"wp:attachment":[{"href":"https:\/\/arkiv.landsbygdspartiet.org\/uppsala\/wp-json\/wp\/v2\/media?parent=480"}],"wp:term":[{"taxonomy":"category","embeddable":true,"href":"https:\/\/arkiv.landsbygdspartiet.org\/uppsala\/wp-json\/wp\/v2\/categories?post=480"},{"taxonomy":"post_tag","embeddable":true,"href":"https:\/\/arkiv.landsbygdspartiet.org\/uppsala\/wp-json\/wp\/v2\/tags?post=480"}],"curies":[{"name":"wp","href":"https:\/\/api.w.org\/{rel}","templated":true}]}}