{"id":594,"date":"2019-02-07T19:24:11","date_gmt":"2019-02-07T18:24:11","guid":{"rendered":"https:\/\/landsbygdspartiet.org\/uppsala\/?p=594"},"modified":"2019-02-07T19:24:11","modified_gmt":"2019-02-07T18:24:11","slug":"stormen-alfrida-och-barkborreangrepp","status":"publish","type":"post","link":"https:\/\/arkiv.landsbygdspartiet.org\/uppsala\/2019\/02\/07\/stormen-alfrida-och-barkborreangrepp\/","title":{"rendered":"stormen Alfrida och barkborreangrepp"},"content":{"rendered":"<p><a href=\"https:\/\/arkiv.landsbygdspartiet.org\/uppsala\/wp-content\/uploads\/sites\/2\/2019\/02\/barkborreangripen_skog__1_.jpg\"><img loading=\"lazy\" class=\"alignnone size-medium wp-image-592\" src=\"https:\/\/arkiv.landsbygdspartiet.org\/uppsala\/wp-content\/uploads\/sites\/2\/2019\/02\/barkborreangripen_skog__1_-300x261.jpg\" alt=\"\" width=\"300\" height=\"261\" srcset=\"https:\/\/arkiv.landsbygdspartiet.org\/uppsala\/wp-content\/uploads\/sites\/2\/2019\/02\/barkborreangripen_skog__1_-300x261.jpg 300w, https:\/\/arkiv.landsbygdspartiet.org\/uppsala\/wp-content\/uploads\/sites\/2\/2019\/02\/barkborreangripen_skog__1_-768x667.jpg 768w, https:\/\/arkiv.landsbygdspartiet.org\/uppsala\/wp-content\/uploads\/sites\/2\/2019\/02\/barkborreangripen_skog__1_.jpg 800w\" sizes=\"(max-width: 300px) 100vw, 300px\" \/><\/a><\/p>\n<p><a href=\"https:\/\/arkiv.landsbygdspartiet.org\/uppsala\/wp-content\/uploads\/sites\/2\/2019\/02\/Till-L\u00e4nsstyrelsen-och-Skogsstyrelsen-i-Uppsala-l\u00e4n.pdf\">L\u00e4s Claes Littorins brev till L\u00e4nsstyrelsen och Skogsstyrelsen i Uppsala l\u00e4n<\/a><\/p>\n<p><a href=\"https:\/\/arkiv.landsbygdspartiet.org\/uppsala\/wp-content\/uploads\/sites\/2\/2019\/02\/barkborre.jpg\"><img loading=\"lazy\" class=\"alignnone size-medium wp-image-591\" src=\"https:\/\/arkiv.landsbygdspartiet.org\/uppsala\/wp-content\/uploads\/sites\/2\/2019\/02\/barkborre-300x170.jpg\" alt=\"\" width=\"300\" height=\"170\" srcset=\"https:\/\/arkiv.landsbygdspartiet.org\/uppsala\/wp-content\/uploads\/sites\/2\/2019\/02\/barkborre-300x170.jpg 300w, https:\/\/arkiv.landsbygdspartiet.org\/uppsala\/wp-content\/uploads\/sites\/2\/2019\/02\/barkborre.jpg 479w\" sizes=\"(max-width: 300px) 100vw, 300px\" \/><\/a><\/p>\n<div class=\"fcbkbttn_buttons_block\" id=\"fcbkbttn_left\"><div class=\"fcbkbttn_like \"><fb:like href=\"https:\/\/arkiv.landsbygdspartiet.org\/uppsala\/2019\/02\/07\/stormen-alfrida-och-barkborreangrepp\/\" action=\"like\" colorscheme=\"light\" layout=\"button_count\"  size=\"small\"><\/fb:like><\/div><\/div>","protected":false},"excerpt":{"rendered":"<p>L\u00e4s Claes Littorins brev till L\u00e4nsstyrelsen och Skogsstyrelsen i Uppsala l\u00e4n<\/p>\n <a class=\"more-link\" href=\"https:\/\/arkiv.landsbygdspartiet.org\/uppsala\/2019\/02\/07\/stormen-alfrida-och-barkborreangrepp\/\"><span class=\"more-msg\">L\u00e4s mer &rarr;<\/span><\/a>","protected":false},"author":21,"featured_media":0,"comment_status":"closed","ping_status":"closed","sticky":false,"template":"","format":"standard","meta":[],"categories":[1],"tags":[],"_links":{"self":[{"href":"https:\/\/arkiv.landsbygdspartiet.org\/uppsala\/wp-json\/wp\/v2\/posts\/594"}],"collection":[{"href":"https:\/\/arkiv.landsbygdspartiet.org\/uppsala\/wp-json\/wp\/v2\/posts"}],"about":[{"href":"https:\/\/arkiv.landsbygdspartiet.org\/uppsala\/wp-json\/wp\/v2\/types\/post"}],"author":[{"embeddable":true,"href":"https:\/\/arkiv.landsbygdspartiet.org\/uppsala\/wp-json\/wp\/v2\/users\/21"}],"replies":[{"embeddable":true,"href":"https:\/\/arkiv.landsbygdspartiet.org\/uppsala\/wp-json\/wp\/v2\/comments?post=594"}],"version-history":[{"count":1,"href":"https:\/\/arkiv.landsbygdspartiet.org\/uppsala\/wp-json\/wp\/v2\/posts\/594\/revisions"}],"predecessor-version":[{"id":595,"href":"https:\/\/arkiv.landsbygdspartiet.org\/uppsala\/wp-json\/wp\/v2\/posts\/594\/revisions\/595"}],"wp:attachment":[{"href":"https:\/\/arkiv.landsbygdspartiet.org\/uppsala\/wp-json\/wp\/v2\/media?parent=594"}],"wp:term":[{"taxonomy":"category","embeddable":true,"href":"https:\/\/arkiv.landsbygdspartiet.org\/uppsala\/wp-json\/wp\/v2\/categories?post=594"},{"taxonomy":"post_tag","embeddable":true,"href":"https:\/\/arkiv.landsbygdspartiet.org\/uppsala\/wp-json\/wp\/v2\/tags?post=594"}],"curies":[{"name":"wp","href":"https:\/\/api.w.org\/{rel}","templated":true}]}}