{"id":653,"date":"2020-01-18T19:13:32","date_gmt":"2020-01-18T18:13:32","guid":{"rendered":"https:\/\/landsbygdspartiet.org\/uppsala\/?p=653"},"modified":"2020-01-18T21:40:24","modified_gmt":"2020-01-18T20:40:24","slug":"nu-drabbar-fortatningen-uppsala-centrum-av-thomas-nordlov","status":"publish","type":"post","link":"https:\/\/arkiv.landsbygdspartiet.org\/uppsala\/2020\/01\/18\/nu-drabbar-fortatningen-uppsala-centrum-av-thomas-nordlov\/","title":{"rendered":"Nu drabbar f\u00f6rt\u00e4tningen Uppsala Centrum av Thomas Nordl\u00f6v"},"content":{"rendered":"<h1 class=\"article-header\">Nu drabbar f\u00f6rt\u00e4tningen Uppsalas centrum. UNT 17\/1-2020 av Thomas Nordl\u00f6v<\/h1>\n<div class=\"row\">\n<div id=\"main-text-5493242\">\n<div id=\"readspeaker_button5493242\" class=\"rs_skip rs_preserve rsbtn_adspaceskin\"><\/div>\n<div class=\"ntm-ad ntm-inscr\">\n<div id=\"adn-panorama-top-01\" class=\"adn-panorama ntm-google\" data-adn-auid=\"0000000000001b5c\" data-adn-adw=\"100%\" data-adn-adh=\"240\" data-adn-contentminheight=\"0\" data-adn-proximity=\"100\" data-adn-lwid=\"unt_panorama1_1\"><\/div>\n<\/div>\n<div class=\"margin-top clear-both\">\n<div class=\"article-text margin-bottom clearfix\">\n<div class=\"article-byline \">\n<p class=\"byline left\">\n<p><span class=\"article-cat\">INS\u00c4NDARE i UNT<\/span> 2020-01-17<\/div>\n<p>F\u00f6rt\u00e4tningen av Uppsala \u00e4r p\u00e5 fortsatt marsch. Nu mot centrum av staden. Niov\u00e5nings betongklumpar kommer att packas t\u00e4tt i kvarteret Hugin och med sannolikhet \u00e4ven kvarteret \u00c5ngkvarnen. Relativt nya funktionella huskroppar med flera hundra arbetsplatser f\u00f6rsvinner till f\u00f6rm\u00e5n f\u00f6r anhopningar av h\u00f6ghus. De gamla gr\u00e4nderna med l\u00e5ga hus l\u00e4r v\u00e4l s\u00e5 sm\u00e5ningom st\u00e5 p\u00e5 tur.<br \/>\nOmvandlingen av Uppsala forts\u00e4tter i snabb takt. Till och med i innerstaden skall ljus och luft minska. M\u00e4nniskorna f\u00f6rv\u00e4ntas uppskatta de tr\u00e5nga och m\u00f6rka gator och g\u00e5rdar som uppst\u00e5r mellan h\u00f6ghusen. De boende antas endast &#8211; just bo och pendla till arbetet.<br \/>\nFolk packas samman i t\u00e4ttbebyggda urbana omr\u00e5den. I det h\u00e4r fallet torde det av erfarenhet bli mer besuttna medborgare i dyra l\u00e4genheter medan socialt utsatta grupper f\u00e5r skapa ghetton i stadens f\u00f6rortsomr\u00e5den. En utveckling som skett, p\u00e5g\u00e5r och f\u00f6rst\u00e4rks. Staden klyvs inte bara rent fysiskt &#8211; fram f\u00f6r allt socialt.<br \/>\nUppsalas expansion b\u00f6r i st\u00e4llet ske i kransorterna med en varierad bebyggelse, n\u00e4ra till natur och fritidsliv. En planering av bost\u00e4der d\u00e4r inte sociala problem packas samman i stora omr\u00e5den. Kransorterna ger inte bara b\u00e4ttre livskvalitet f\u00f6r de boende. De skapar \u00e4ven en livskraftigare landsbygd runt sig. Skolor beh\u00f6ver inte l\u00e4ggas ner. Det lokala f\u00f6reningslivet f\u00e5r ny livskraft. V\u00e5rden blir lokal och patienterna k\u00e4nner v\u00e5rdpersonalen.<\/p>\n<\/div>\n<\/div>\n<\/div>\n<\/div>\n<p>Thomas Nordl\u00f6v LPo Uppsala<\/p>\n<div class=\"fcbkbttn_buttons_block\" id=\"fcbkbttn_left\"><div class=\"fcbkbttn_like \"><fb:like href=\"https:\/\/arkiv.landsbygdspartiet.org\/uppsala\/2020\/01\/18\/nu-drabbar-fortatningen-uppsala-centrum-av-thomas-nordlov\/\" action=\"like\" colorscheme=\"light\" layout=\"button_count\"  size=\"small\"><\/fb:like><\/div><\/div>","protected":false},"excerpt":{"rendered":"<p>Nu drabbar f\u00f6rt\u00e4tningen Uppsalas centrum. UNT 17\/1-2020 av Thomas Nordl\u00f6v INS\u00c4NDARE i UNT 2020-01-17 F\u00f6rt\u00e4tningen av Uppsala \u00e4r p\u00e5 fortsatt marsch. Nu mot centrum av staden. Niov\u00e5nings betongklumpar kommer att packas t\u00e4tt i kvarteret Hugin och med sannolikhet \u00e4ven kvarteret <span class=\"excerpt-dots\">&hellip;<\/span> <a class=\"more-link\" href=\"https:\/\/arkiv.landsbygdspartiet.org\/uppsala\/2020\/01\/18\/nu-drabbar-fortatningen-uppsala-centrum-av-thomas-nordlov\/\"><span class=\"more-msg\">L\u00e4s mer &rarr;<\/span><\/a><\/p>\n","protected":false},"author":21,"featured_media":0,"comment_status":"closed","ping_status":"closed","sticky":false,"template":"","format":"standard","meta":[],"categories":[1],"tags":[],"_links":{"self":[{"href":"https:\/\/arkiv.landsbygdspartiet.org\/uppsala\/wp-json\/wp\/v2\/posts\/653"}],"collection":[{"href":"https:\/\/arkiv.landsbygdspartiet.org\/uppsala\/wp-json\/wp\/v2\/posts"}],"about":[{"href":"https:\/\/arkiv.landsbygdspartiet.org\/uppsala\/wp-json\/wp\/v2\/types\/post"}],"author":[{"embeddable":true,"href":"https:\/\/arkiv.landsbygdspartiet.org\/uppsala\/wp-json\/wp\/v2\/users\/21"}],"replies":[{"embeddable":true,"href":"https:\/\/arkiv.landsbygdspartiet.org\/uppsala\/wp-json\/wp\/v2\/comments?post=653"}],"version-history":[{"count":3,"href":"https:\/\/arkiv.landsbygdspartiet.org\/uppsala\/wp-json\/wp\/v2\/posts\/653\/revisions"}],"predecessor-version":[{"id":666,"href":"https:\/\/arkiv.landsbygdspartiet.org\/uppsala\/wp-json\/wp\/v2\/posts\/653\/revisions\/666"}],"wp:attachment":[{"href":"https:\/\/arkiv.landsbygdspartiet.org\/uppsala\/wp-json\/wp\/v2\/media?parent=653"}],"wp:term":[{"taxonomy":"category","embeddable":true,"href":"https:\/\/arkiv.landsbygdspartiet.org\/uppsala\/wp-json\/wp\/v2\/categories?post=653"},{"taxonomy":"post_tag","embeddable":true,"href":"https:\/\/arkiv.landsbygdspartiet.org\/uppsala\/wp-json\/wp\/v2\/tags?post=653"}],"curies":[{"name":"wp","href":"https:\/\/api.w.org\/{rel}","templated":true}]}}