{"id":80,"date":"2013-07-06T07:53:46","date_gmt":"2013-07-06T05:53:46","guid":{"rendered":"https:\/\/www.landsbygdspartiet.se\/uppsala\/?p=80"},"modified":"2013-07-06T07:53:46","modified_gmt":"2013-07-06T05:53:46","slug":"traktorracet-i-stavby","status":"publish","type":"post","link":"https:\/\/arkiv.landsbygdspartiet.org\/uppsala\/2013\/07\/06\/traktorracet-i-stavby\/","title":{"rendered":"Traktorracet i Stavby"},"content":{"rendered":"<p>Vill du tr\u00e4ffa oss s\u00e5 kommer vi att finnas p\u00e5 traktorracet i Stavby s\u00f6ndag den 21\/7.<\/p>\n<p>L\u00e4s mer om evenemanget p\u00e5 <a href=\"https:\/\/www.stavby.se\/\" target=\"_blank\">https:\/\/www.stavby.se<\/a><\/p>\n<p>&nbsp;<\/p>\n<div class=\"fcbkbttn_buttons_block\" id=\"fcbkbttn_left\"><div class=\"fcbkbttn_like \"><fb:like href=\"https:\/\/arkiv.landsbygdspartiet.org\/uppsala\/2013\/07\/06\/traktorracet-i-stavby\/\" action=\"like\" colorscheme=\"light\" layout=\"button_count\"  size=\"small\"><\/fb:like><\/div><\/div>","protected":false},"excerpt":{"rendered":"<p>Vill du tr\u00e4ffa oss s\u00e5 kommer vi att finnas p\u00e5 traktorracet i Stavby s\u00f6ndag den 21\/7. L\u00e4s mer om evenemanget p\u00e5 https:\/\/www.stavby.se &nbsp;<\/p>\n <a class=\"more-link\" href=\"https:\/\/arkiv.landsbygdspartiet.org\/uppsala\/2013\/07\/06\/traktorracet-i-stavby\/\"><span class=\"more-msg\">L\u00e4s mer &rarr;<\/span><\/a>","protected":false},"author":1,"featured_media":0,"comment_status":"closed","ping_status":"closed","sticky":false,"template":"","format":"standard","meta":[],"categories":[1],"tags":[4],"_links":{"self":[{"href":"https:\/\/arkiv.landsbygdspartiet.org\/uppsala\/wp-json\/wp\/v2\/posts\/80"}],"collection":[{"href":"https:\/\/arkiv.landsbygdspartiet.org\/uppsala\/wp-json\/wp\/v2\/posts"}],"about":[{"href":"https:\/\/arkiv.landsbygdspartiet.org\/uppsala\/wp-json\/wp\/v2\/types\/post"}],"author":[{"embeddable":true,"href":"https:\/\/arkiv.landsbygdspartiet.org\/uppsala\/wp-json\/wp\/v2\/users\/1"}],"replies":[{"embeddable":true,"href":"https:\/\/arkiv.landsbygdspartiet.org\/uppsala\/wp-json\/wp\/v2\/comments?post=80"}],"version-history":[{"count":0,"href":"https:\/\/arkiv.landsbygdspartiet.org\/uppsala\/wp-json\/wp\/v2\/posts\/80\/revisions"}],"wp:attachment":[{"href":"https:\/\/arkiv.landsbygdspartiet.org\/uppsala\/wp-json\/wp\/v2\/media?parent=80"}],"wp:term":[{"taxonomy":"category","embeddable":true,"href":"https:\/\/arkiv.landsbygdspartiet.org\/uppsala\/wp-json\/wp\/v2\/categories?post=80"},{"taxonomy":"post_tag","embeddable":true,"href":"https:\/\/arkiv.landsbygdspartiet.org\/uppsala\/wp-json\/wp\/v2\/tags?post=80"}],"curies":[{"name":"wp","href":"https:\/\/api.w.org\/{rel}","templated":true}]}}